{"id":86896,"date":"2025-11-22T09:06:14","date_gmt":"2025-11-22T09:06:14","guid":{"rendered":"https:\/\/www.europesays.com\/se\/86896\/"},"modified":"2025-11-22T09:06:14","modified_gmt":"2025-11-22T09:06:14","slug":"aik-pa-jakt-efter-ny-tranare-i-kontakt-med-michael-beale-allsvenskan","status":"publish","type":"post","link":"https:\/\/www.europesays.com\/se\/86896\/","title":{"rendered":"AIK p\u00e5 jakt efter ny tr\u00e4nare \u2013 i kontakt med Michael Beale | Allsvenskan"},"content":{"rendered":"<p>Publicerad 22 nov 2025 kl 09.31<\/p>\n<p>Det kan bli ett tr\u00e4narskifte i AIK till 2026.<\/p>\n<p>Tidigare har klubben haft kontakt med Kalle Karlsson \u2013 men enligt uppgifter till Expressen \u00e4r \u00e4ven engelsmannen Michael Beale en kandidat man kontaktat.<\/p>\n<p>Dessutom h\u00e5ller \u201dGnaget\u201d nya intervjuer med sportchefskandidaterna i dagarna.<\/p>\n<p><img   alt=\"\"\/> <\/p>\n<p>Foto: LEE SMITH \/ BILDBYR\u00c5N<\/p>\n<p>\u00d6ppna bild i helsk\u00e4rm<img loading=\"lazy\"   alt=\"\"\/> <\/p>\n<p>Foto: TIM GOODE \/ STELLA PICTURES \/ PA<\/p>\n<p>\u00d6ppna bild i helsk\u00e4rm<\/p>\n<p>AIK kan tvingas byta tr\u00e4nare ifall Mikkjal Thomassen l\u00e4mnar i vinter. 49-\u00e5ringen har intresse p\u00e5 sig fr\u00e5n flera klubbar utomlands och \u201dGnaget\u201d har inte best\u00e4mt sig f\u00f6r att sparka honom.<\/p>\n<p>Tidigare har <a href=\"https:\/\/www.expressen.se\/sport\/fotboll\/allsvenskan\/kalle-karlsson-en-av-kandidaterna-att-ta-over-aik-om-thomassen-lamnar-\/\" rel=\"nofollow noopener\" target=\"_blank\">Expressen avsl\u00f6jat att AIK tagit kontakt med Kalle Karlsson<\/a> och att han \u00e4r en av kandidaterna. Parterna har \u00e4ven tr\u00e4ffats, men den tidigare VSK-managern har fler intressenter d\u00e4r han \u00e4ven tr\u00e4ffat Hammarby vid minst tv\u00e5 tillf\u00e4llen, erfar Expressen.<\/p>\n<p>Men AIK har \u00e4ven kollat av den utl\u00e4ndska marknaden.<\/p>\n<p>Enligt uppgifter till Expressen \u00e4r engelsmannen Michael Beale, 45, en av kandidaterna som AIK har varit i kontakt med g\u00e4llande chefstr\u00e4narjobbet till n\u00e4sta s\u00e4song.<\/p>\n<p>Rutinerad tr\u00e4nare<\/p>\n<p>45-\u00e5ringen har en l\u00e5ng erfarenhet fr\u00e5n brittisk fotboll. Beale har bland annat varit manager i Sunderland, Queens Park Rangers och i Glasgow Rangers.<\/p>\n<p>Under tre \u00e5r var han assisterande tr\u00e4nare till Steven Gerrard i Rangers, innan han f\u00f6ljde med den tidigare Liverpool-ikonen till Aston Villa i november 2021. Mellan 2022 och 2023 \u00e5terv\u00e4nde han dessutom till Rangers som huvudtr\u00e4nare.<\/p>\n<p><img loading=\"lazy\"   alt=\"\"\/><\/p>\n<p>Michael Beale.<\/p>\n<p>Foto: CARL RECINE \/ BILDBYR\u00c5N<\/p>\n<p>\u00d6ppna bild i helsk\u00e4rm<\/p>\n<p>Ser man \u00e4nnu l\u00e4ngre tillbaka i Beales karri\u00e4r har han \u00e4ven arbetat med ungdomslagen i b\u00e5de Liverpool och Chelsea. Hans senaste uppdrag var som assisterande tr\u00e4nare i Al-Ettifaq i Saudiarabien \u2013 en tj\u00e4nst han l\u00e4mnade i januari i \u00e5r.<\/p>\n<p>Att just Beales namn dykt upp som ett alternativ i AIK:s process h\u00e4nger mestadels ihop med Jeremy Steeles kontaktn\u00e4t i Europa och p\u00e5 de brittiska \u00f6arna, uppger k\u00e4llor.<\/p>\n<p>H\u00e5ller flera slutintervjuer<\/p>\n<p>Parallellt med att AIK tr\u00e4ffar och intervjuar potentiella tr\u00e4nare s\u00e5 arbetar klubben v\u00e4ldigt h\u00e5rt p\u00e5 att rekrytera en ny head of recruitment.<\/p>\n<p>Expressen har i olika omg\u00e5ngar rapporterat att <a href=\"https:\/\/www.expressen.se\/sport\/fotboll\/allsvenskan\/de-ar-slutkandidater-till-jobbet-som-sportchef-i-aik\/\" rel=\"nofollow noopener\" target=\"_blank\">Jonathan Ederstr\u00f6m, Samuel Cardenas<\/a> och <a href=\"https:\/\/www.expressen.se\/sport\/fotboll\/allsvenskan\/avslojar-benjamin-ehresmann-aktuell-for-aik\/\" rel=\"nofollow noopener\" target=\"_blank\">Benjamin Ehresmann<\/a> varit en del av processen och varit slutkandidater f\u00f6r AIK:s ledning.<\/p>\n<p>Ederstr\u00f6m har h\u00e5llits som f\u00f6rstaval hos delar av ledningen \u2013 och tidigare rapporter gjorde g\u00e4llande att Ehresmann namn kallnat av n\u00e5got i processen.<\/p>\n<p>Men enligt nya uppgifter till Expressen kommer AIK att h\u00e5lla slutintervjuer med ovann\u00e4mnda namn under de kommande dagarna.<\/p>\n<p>D\u00e4rmed \u00e4r Benjamin Ehresmann fortfarande ett namn som kan f\u00e5 jobbet. Expressen erfar att kandidaterna ska intervjuas av delar av ledningen och styrelsen.<\/p>\n<p>Det \u00e5terst\u00e5r att se vem som till slut landar jobbet som AIK:s nya head of recruitment.<\/p>\n<p><img loading=\"lazy\"   alt=\"\"\/><\/p>\n<p>Jonathan Ederstr\u00f6m ska intervjuas av AIK i n\u00e4rtid p\u00e5 nytt.<\/p>\n<p>Foto: TOBIAS STERNER \/ BILDBYR\u00c5N<\/p>\n<p>\u00d6ppna bild i helsk\u00e4rm<img loading=\"lazy\"   alt=\"\"\/><\/p>\n<p>Benjamin Ehresmann ska intervjuas av AIK i n\u00e4rtid p\u00e5 nytt.<\/p>\n<p>Foto: Tom Goyvaerts \/ STELLA PICTURES\/DDP<\/p>\n<p>\u00d6ppna bild i helsk\u00e4rm<img loading=\"lazy\"   alt=\"\"\/><\/p>\n<p>Samuel Cardenas ska intervjuas p\u00e5 nytt av AIK:s ledning i dagarna.<\/p>\n<p>\u00d6ppna bild i helsk\u00e4rm<\/p>\n","protected":false},"excerpt":{"rendered":"Publicerad 22 nov 2025 kl 09.31 Det kan bli ett tr\u00e4narskifte i AIK till 2026. Tidigare har klubben&hellip;\n","protected":false},"author":2,"featured_media":86897,"comment_status":"","ping_status":"","sticky":false,"template":"","format":"standard","meta":{"footnotes":""},"categories":[68],"tags":[131,34,130,129,111,110,31,33,32,30],"class_list":{"0":"post-86896","1":"post","2":"type-post","3":"status-publish","4":"format-standard","5":"has-post-thumbnail","7":"category-sport","8":"tag-organization-aik-fotboll","9":"tag-se","10":"tag-sections-allsvenskan","11":"tag-sections-fotboll","12":"tag-sport","13":"tag-sports","14":"tag-svenska","15":"tag-sverige","16":"tag-sweden","17":"tag-swedish"},"share_on_mastodon":{"url":"https:\/\/pubeurope.com\/@se\/115592559543298782","error":""},"_links":{"self":[{"href":"https:\/\/www.europesays.com\/se\/wp-json\/wp\/v2\/posts\/86896","targetHints":{"allow":["GET"]}}],"collection":[{"href":"https:\/\/www.europesays.com\/se\/wp-json\/wp\/v2\/posts"}],"about":[{"href":"https:\/\/www.europesays.com\/se\/wp-json\/wp\/v2\/types\/post"}],"author":[{"embeddable":true,"href":"https:\/\/www.europesays.com\/se\/wp-json\/wp\/v2\/users\/2"}],"replies":[{"embeddable":true,"href":"https:\/\/www.europesays.com\/se\/wp-json\/wp\/v2\/comments?post=86896"}],"version-history":[{"count":0,"href":"https:\/\/www.europesays.com\/se\/wp-json\/wp\/v2\/posts\/86896\/revisions"}],"wp:featuredmedia":[{"embeddable":true,"href":"https:\/\/www.europesays.com\/se\/wp-json\/wp\/v2\/media\/86897"}],"wp:attachment":[{"href":"https:\/\/www.europesays.com\/se\/wp-json\/wp\/v2\/media?parent=86896"}],"wp:term":[{"taxonomy":"category","embeddable":true,"href":"https:\/\/www.europesays.com\/se\/wp-json\/wp\/v2\/categories?post=86896"},{"taxonomy":"post_tag","embeddable":true,"href":"https:\/\/www.europesays.com\/se\/wp-json\/wp\/v2\/tags?post=86896"}],"curies":[{"name":"wp","href":"https:\/\/api.w.org\/{rel}","templated":true}]}}