{"id":86966,"date":"2025-11-22T11:14:09","date_gmt":"2025-11-22T11:14:09","guid":{"rendered":"https:\/\/www.europesays.com\/se\/86966\/"},"modified":"2025-11-22T11:14:09","modified_gmt":"2025-11-22T11:14:09","slug":"eu-isolerat-pa-cop30-overvager-att-hoppa-av","status":"publish","type":"post","link":"https:\/\/www.europesays.com\/se\/86966\/","title":{"rendered":"EU isolerat p\u00e5 COP30 \u2013 \u00f6verv\u00e4ger att hoppa av"},"content":{"rendered":"<p>Klimattoppm\u00f6tet COP30 har g\u00e5tt in p\u00e5 \u00f6vertid sedan os\u00e4mja uppst\u00e5tt om f\u00f6rslaget till \u00f6verenskommelse. Striden r\u00f6r tv\u00e5 ord: fossila br\u00e4nslen.<\/p>\n<p>I det utkast som publicerades p\u00e5 fredagen n\u00e4mndes inte fossila br\u00e4nslen eller n\u00e5gon plan f\u00f6r att fasa ut dem. Ett trettiotal l\u00e4nder, de flesta medlemmar i EU, hotar att blockera alla \u00f6verenskommelser som inte tar upp fr\u00e5gan.<\/p>\n<p>Enligt uppgifter till The Guardian har flera stora oljenationer, d\u00e4ribland Saudiarabien och Ryssland, pressat m\u00f6tesv\u00e4rden Brasilien att utel\u00e4mna fr\u00e5gan om fossila br\u00e4nslen.<\/p>\n<p>\u2013 Vi kan inte ha l\u00e4gre ambitioner \u00e4n vi hade f\u00f6r tio \u00e5r sedan, s\u00e4ger Tjeckiens milj\u00f6minister Petr Hlad\u00edk till Bloomberg.<\/p>\n<p>Omni \u00e4r politiskt obundna och oberoende. Vi str\u00e4var efter att ge fler perspektiv p\u00e5 nyheterna. Har du fr\u00e5gor eller synpunkter kring v\u00e5r rapportering? <a href=\"https:\/\/omni.se\/eu-isolerat-pa-cop30-lander-overvager-att-hoppa-av\/a\/mailto:redaktion@omni.se\" class=\"ArticleActions_contactLink__W2F1M\" rel=\"nofollow noopener\" target=\"_blank\">Kontakta redaktionen<\/a><\/p>\n","protected":false},"excerpt":{"rendered":"Klimattoppm\u00f6tet COP30 har g\u00e5tt in p\u00e5 \u00f6vertid sedan os\u00e4mja uppst\u00e5tt om f\u00f6rslaget till \u00f6verenskommelse. Striden r\u00f6r tv\u00e5 ord:&hellip;\n","protected":false},"author":2,"featured_media":86967,"comment_status":"","ping_status":"","sticky":false,"template":"","format":"standard","meta":{"footnotes":""},"categories":[12],"tags":[22,23,6878,291,73,267,26,27,17,21,528,940,24,25,28,29,15,16,18,1740,34,31,33,32,30,19,20],"class_list":{"0":"post-86966","1":"post","2":"type-post","3":"status-publish","4":"format-standard","5":"has-post-thumbnail","7":"category-sverige","8":"tag-breaking-news","9":"tag-breakingnews","10":"tag-cop30","11":"tag-energi-ravaror","12":"tag-eu","13":"tag-europa","14":"tag-featured-news","15":"tag-featurednews","16":"tag-headlines","17":"tag-huvudnyheter","18":"tag-klimat-miljo","19":"tag-klimathotet","20":"tag-latest-news","21":"tag-latestnews","22":"tag-main-news","23":"tag-mainnews","24":"tag-news","25":"tag-nyheter","26":"tag-rubriker","27":"tag-saudiarabien","28":"tag-se","29":"tag-svenska","30":"tag-sverige","31":"tag-sweden","32":"tag-swedish","33":"tag-top-stories","34":"tag-topstories"},"share_on_mastodon":{"url":"https:\/\/pubeurope.com\/@se\/115593062831075825","error":""},"_links":{"self":[{"href":"https:\/\/www.europesays.com\/se\/wp-json\/wp\/v2\/posts\/86966","targetHints":{"allow":["GET"]}}],"collection":[{"href":"https:\/\/www.europesays.com\/se\/wp-json\/wp\/v2\/posts"}],"about":[{"href":"https:\/\/www.europesays.com\/se\/wp-json\/wp\/v2\/types\/post"}],"author":[{"embeddable":true,"href":"https:\/\/www.europesays.com\/se\/wp-json\/wp\/v2\/users\/2"}],"replies":[{"embeddable":true,"href":"https:\/\/www.europesays.com\/se\/wp-json\/wp\/v2\/comments?post=86966"}],"version-history":[{"count":0,"href":"https:\/\/www.europesays.com\/se\/wp-json\/wp\/v2\/posts\/86966\/revisions"}],"wp:featuredmedia":[{"embeddable":true,"href":"https:\/\/www.europesays.com\/se\/wp-json\/wp\/v2\/media\/86967"}],"wp:attachment":[{"href":"https:\/\/www.europesays.com\/se\/wp-json\/wp\/v2\/media?parent=86966"}],"wp:term":[{"taxonomy":"category","embeddable":true,"href":"https:\/\/www.europesays.com\/se\/wp-json\/wp\/v2\/categories?post=86966"},{"taxonomy":"post_tag","embeddable":true,"href":"https:\/\/www.europesays.com\/se\/wp-json\/wp\/v2\/tags?post=86966"}],"curies":[{"name":"wp","href":"https:\/\/api.w.org\/{rel}","templated":true}]}}