{"id":86968,"date":"2025-11-22T11:15:13","date_gmt":"2025-11-22T11:15:13","guid":{"rendered":"https:\/\/www.europesays.com\/se\/86968\/"},"modified":"2025-11-22T11:15:13","modified_gmt":"2025-11-22T11:15:13","slug":"epsteindokument-polisbevakas-rykten-om-stormning","status":"publish","type":"post","link":"https:\/\/www.europesays.com\/se\/86968\/","title":{"rendered":"Epsteindokument polisbevakas \u2013 rykten om stormning"},"content":{"rendered":"<p><strong>Dokumenten fr\u00e5n utredningen<\/strong> mot den d\u00f6de sexf\u00f6rbrytaren Jeffrey Epstein, som efter USA:s president Donald Trumps godk\u00e4nnande snart v\u00e4ntas offentligg\u00f6ras, f\u00f6rvaras i FBI:s arkiv i delstaten Virginia.<\/p>\n<p>Jeffrey Epsteins bror, Mark Epstein, h\u00e4vdar i en intervju med tv-kanalen News Nation att FBI-chefen Kash Patel beordrat att m\u00f6rkl\u00e4gga delar av dokumenten. Utan att l\u00e4gga fram n\u00e5gra bevis s\u00e4ger han att \u201den ganska bra k\u00e4lla\u201d ber\u00e4ttat att alla \u201drepublikanska namn\u201d rensas bort.<\/p>\n<p><img loading=\"lazy\" decoding=\"async\" class=\"image__el\" src=\"https:\/\/www.europesays.com\/se\/wp-content\/uploads\/2025\/11\/2982ef83-c7cf-4c6f-88e0-574ca2d766c7.jpeg\"   height=\"1281\" width=\"1920\" alt=\"Jeffrey Epsteins bror Mark Epstein pekar ut FBI-chefen Kash Patel som ansvarig f\u00f6r en m\u00f6rkl\u00e4ggning av Epsteindokumenten.\" onerror=\"this.style.visibility='hidden'; this.classList.add('load-error')\"\/>Jeffrey Epsteins bror Mark Epstein pekar ut FBI-chefen Kash Patel som ansvarig f\u00f6r en m\u00f6rkl\u00e4ggning av Epsteindokumenten.Foto: Mark Schiefelbein (AP\/TT)<\/p>\n<p><strong>Broderns uttalande har<\/strong> skapat reaktioner i sociala medier d\u00e4r m\u00e4nniskor uppmanat varandra att demonstrera utanf\u00f6r lokalen f\u00f6r att se till att samtliga dokument offentligg\u00f6rs. Somliga har tagit det hela ett steg l\u00e4ngre och vill se en stormning av byggnaden.<\/p>\n<p>FBI har tagit reaktionerna p\u00e5 allvar och har nu placerat ut polis vid byggnaden d\u00e4r dokumenten f\u00f6rvaras, s\u00e4ger tv\u00e5 insatta k\u00e4llor till Bloomberg.<\/p>\n","protected":false},"excerpt":{"rendered":"Dokumenten fr\u00e5n utredningen mot den d\u00f6de sexf\u00f6rbrytaren Jeffrey Epstein, som efter USA:s president Donald Trumps godk\u00e4nnande snart v\u00e4ntas&hellip;\n","protected":false},"author":2,"featured_media":86969,"comment_status":"","ping_status":"","sticky":false,"template":"","format":"standard","meta":{"footnotes":""},"categories":[5],"tags":[22,23,26,27,17,21,24,25,28,29,15,16,18,34,31,33,32,30,19,20],"class_list":{"0":"post-86968","1":"post","2":"type-post","3":"status-publish","4":"format-standard","5":"has-post-thumbnail","7":"category-rubriker","8":"tag-breaking-news","9":"tag-breakingnews","10":"tag-featured-news","11":"tag-featurednews","12":"tag-headlines","13":"tag-huvudnyheter","14":"tag-latest-news","15":"tag-latestnews","16":"tag-main-news","17":"tag-mainnews","18":"tag-news","19":"tag-nyheter","20":"tag-rubriker","21":"tag-se","22":"tag-svenska","23":"tag-sverige","24":"tag-sweden","25":"tag-swedish","26":"tag-top-stories","27":"tag-topstories"},"share_on_mastodon":{"url":"https:\/\/pubeurope.com\/@se\/115593066894986727","error":""},"_links":{"self":[{"href":"https:\/\/www.europesays.com\/se\/wp-json\/wp\/v2\/posts\/86968","targetHints":{"allow":["GET"]}}],"collection":[{"href":"https:\/\/www.europesays.com\/se\/wp-json\/wp\/v2\/posts"}],"about":[{"href":"https:\/\/www.europesays.com\/se\/wp-json\/wp\/v2\/types\/post"}],"author":[{"embeddable":true,"href":"https:\/\/www.europesays.com\/se\/wp-json\/wp\/v2\/users\/2"}],"replies":[{"embeddable":true,"href":"https:\/\/www.europesays.com\/se\/wp-json\/wp\/v2\/comments?post=86968"}],"version-history":[{"count":0,"href":"https:\/\/www.europesays.com\/se\/wp-json\/wp\/v2\/posts\/86968\/revisions"}],"wp:featuredmedia":[{"embeddable":true,"href":"https:\/\/www.europesays.com\/se\/wp-json\/wp\/v2\/media\/86969"}],"wp:attachment":[{"href":"https:\/\/www.europesays.com\/se\/wp-json\/wp\/v2\/media?parent=86968"}],"wp:term":[{"taxonomy":"category","embeddable":true,"href":"https:\/\/www.europesays.com\/se\/wp-json\/wp\/v2\/categories?post=86968"},{"taxonomy":"post_tag","embeddable":true,"href":"https:\/\/www.europesays.com\/se\/wp-json\/wp\/v2\/tags?post=86968"}],"curies":[{"name":"wp","href":"https:\/\/api.w.org\/{rel}","templated":true}]}}