{"id":87020,"date":"2025-11-22T12:46:08","date_gmt":"2025-11-22T12:46:08","guid":{"rendered":"https:\/\/www.europesays.com\/se\/87020\/"},"modified":"2025-11-22T12:46:08","modified_gmt":"2025-11-22T12:46:08","slug":"ulf-kristersson-gastar-sds-landsdagar-ska-tala","status":"publish","type":"post","link":"https:\/\/www.europesays.com\/se\/87020\/","title":{"rendered":"Ulf Kristersson g\u00e4star SD:s landsdagar \u2013 ska tala"},"content":{"rendered":"<p>Statsminister Ulf Kristersson (M) kommer i eftermiddag att tala tillsammans med Jimmie \u00c5kesson p\u00e5 Sverigedemokraternas p\u00e5g\u00e5ende landsdagar.<\/p>\n<p>Uppgifterna rapporterades f\u00f6rst av Ekot, d\u00e4refter har SD:s pressavdelning bekr\u00e4ftat dem f\u00f6r Aftonbladet.<\/p>\n<p>Det blir f\u00f6rsta g\u00e5ngen Kristersson n\u00e4rvarar vid SD:s landsdagar.<\/p>\n<p>Omni \u00e4r politiskt obundna och oberoende. Vi str\u00e4var efter att ge fler perspektiv p\u00e5 nyheterna. Har du fr\u00e5gor eller synpunkter kring v\u00e5r rapportering? <a href=\"https:\/\/omni.se\/uppgift-kristersson-ska-tala-under-sd-s-landsdagar\/a\/mailto:redaktion@omni.se\" class=\"ArticleActions_contactLink__W2F1M\" rel=\"nofollow noopener\" target=\"_blank\">Kontakta redaktionen<\/a><\/p>\n","protected":false},"excerpt":{"rendered":"Statsminister Ulf Kristersson (M) kommer i eftermiddag att tala tillsammans med Jimmie \u00c5kesson p\u00e5 Sverigedemokraternas p\u00e5g\u00e5ende landsdagar. Uppgifterna&hellip;\n","protected":false},"author":2,"featured_media":87021,"comment_status":"","ping_status":"","sticky":false,"template":"","format":"standard","meta":{"footnotes":""},"categories":[5],"tags":[22,23,26,27,17,21,1562,24,25,28,29,551,15,16,369,18,34,31,33,617,32,30,19,20,1111],"class_list":{"0":"post-87020","1":"post","2":"type-post","3":"status-publish","4":"format-standard","5":"has-post-thumbnail","7":"category-rubriker","8":"tag-breaking-news","9":"tag-breakingnews","10":"tag-featured-news","11":"tag-featurednews","12":"tag-headlines","13":"tag-huvudnyheter","14":"tag-jimmie-akesson","15":"tag-latest-news","16":"tag-latestnews","17":"tag-main-news","18":"tag-mainnews","19":"tag-moderaterna","20":"tag-news","21":"tag-nyheter","22":"tag-politik","23":"tag-rubriker","24":"tag-se","25":"tag-svenska","26":"tag-sverige","27":"tag-sverigedemokraterna","28":"tag-sweden","29":"tag-swedish","30":"tag-top-stories","31":"tag-topstories","32":"tag-ulf-kristersson"},"share_on_mastodon":{"url":"https:\/\/pubeurope.com\/@se\/115593424586073292","error":""},"_links":{"self":[{"href":"https:\/\/www.europesays.com\/se\/wp-json\/wp\/v2\/posts\/87020","targetHints":{"allow":["GET"]}}],"collection":[{"href":"https:\/\/www.europesays.com\/se\/wp-json\/wp\/v2\/posts"}],"about":[{"href":"https:\/\/www.europesays.com\/se\/wp-json\/wp\/v2\/types\/post"}],"author":[{"embeddable":true,"href":"https:\/\/www.europesays.com\/se\/wp-json\/wp\/v2\/users\/2"}],"replies":[{"embeddable":true,"href":"https:\/\/www.europesays.com\/se\/wp-json\/wp\/v2\/comments?post=87020"}],"version-history":[{"count":0,"href":"https:\/\/www.europesays.com\/se\/wp-json\/wp\/v2\/posts\/87020\/revisions"}],"wp:featuredmedia":[{"embeddable":true,"href":"https:\/\/www.europesays.com\/se\/wp-json\/wp\/v2\/media\/87021"}],"wp:attachment":[{"href":"https:\/\/www.europesays.com\/se\/wp-json\/wp\/v2\/media?parent=87020"}],"wp:term":[{"taxonomy":"category","embeddable":true,"href":"https:\/\/www.europesays.com\/se\/wp-json\/wp\/v2\/categories?post=87020"},{"taxonomy":"post_tag","embeddable":true,"href":"https:\/\/www.europesays.com\/se\/wp-json\/wp\/v2\/tags?post=87020"}],"curies":[{"name":"wp","href":"https:\/\/api.w.org\/{rel}","templated":true}]}}