{"id":87022,"date":"2025-11-22T12:48:09","date_gmt":"2025-11-22T12:48:09","guid":{"rendered":"https:\/\/www.europesays.com\/se\/87022\/"},"modified":"2025-11-22T12:48:09","modified_gmt":"2025-11-22T12:48:09","slug":"kristoffer-jakobsen-korde-ur-i-gurgl-alpint","status":"publish","type":"post","link":"https:\/\/www.europesays.com\/se\/87022\/","title":{"rendered":"Kristoffer Jakobsen k\u00f6rde ur i Gurgl | Alpint"},"content":{"rendered":"<p>Publicerad 22 nov 2025 kl 12.37<\/p>\n<p>I fjol \u00f6verraskade Kristoffer Jakobsen genom en andraplats i Gurgl. I \u00e5rets slalomt\u00e4vling i den \u00f6sterrikiska skidorten gick det som s\u00e5 ofta de senaste \u00e5ren \u2013 han k\u00f6rde ur i f\u00f6rsta \u00e5ket.<\/p>\n<p><img   alt=\"\"\/> <\/p>\n<p>Foto: GEPA PICTURES\/ HARALD STEINER \/ GEPA PICTURES BILDBYR\u00c5N<\/p>\n<p>\u00d6ppna bild i helsk\u00e4rm<\/p>\n<p>Den svenske v\u00e4rldscup\u00e5karen l\u00e5g bra till efter tv\u00e5 mellantider, men k\u00f6rde ur p\u00e5 en innerskida vid den tredje.<\/p>\n<p>31-\u00e5ringen f\u00e5r d\u00e4rmed inte med sig n\u00e5got resultat fr\u00e5n fj\u00e4rde v\u00e4rldscupt\u00e4vlingen i f\u00f6ljd, inklusive de tv\u00e5 senaste i v\u00e5ras.<\/p>\n<p>Norrmannen Atle Lie McGrath leder efter f\u00f6rsta \u00e5ket, 17 hundradelar f\u00f6re den finl\u00e4ndske \u00f6verraskningen Eduard Hallberg. 22-\u00e5ringen kom trea i slalompremi\u00e4ren i Levi f\u00f6rra helgen, Finlands f\u00f6rsta alpina pallplats sedan Tanja Poutiainen vann i februari 2004.<\/p>\n<p>Andra \u00e5ket startar 13.30.<\/p>\n","protected":false},"excerpt":{"rendered":"Publicerad 22 nov 2025 kl 12.37 I fjol \u00f6verraskade Kristoffer Jakobsen genom en andraplats i Gurgl. I \u00e5rets&hellip;\n","protected":false},"author":2,"featured_media":87023,"comment_status":"","ping_status":"","sticky":false,"template":"","format":"standard","meta":{"footnotes":""},"categories":[68],"tags":[9496,34,1175,111,110,31,33,32,30],"class_list":{"0":"post-87022","1":"post","2":"type-post","3":"status-publish","4":"format-standard","5":"has-post-thumbnail","7":"category-sport","8":"tag-person-kristoffer-jakobsen","9":"tag-se","10":"tag-sections-alpint","11":"tag-sport","12":"tag-sports","13":"tag-svenska","14":"tag-sverige","15":"tag-sweden","16":"tag-swedish"},"share_on_mastodon":{"url":"https:\/\/pubeurope.com\/@se\/115593432476213147","error":""},"_links":{"self":[{"href":"https:\/\/www.europesays.com\/se\/wp-json\/wp\/v2\/posts\/87022","targetHints":{"allow":["GET"]}}],"collection":[{"href":"https:\/\/www.europesays.com\/se\/wp-json\/wp\/v2\/posts"}],"about":[{"href":"https:\/\/www.europesays.com\/se\/wp-json\/wp\/v2\/types\/post"}],"author":[{"embeddable":true,"href":"https:\/\/www.europesays.com\/se\/wp-json\/wp\/v2\/users\/2"}],"replies":[{"embeddable":true,"href":"https:\/\/www.europesays.com\/se\/wp-json\/wp\/v2\/comments?post=87022"}],"version-history":[{"count":0,"href":"https:\/\/www.europesays.com\/se\/wp-json\/wp\/v2\/posts\/87022\/revisions"}],"wp:featuredmedia":[{"embeddable":true,"href":"https:\/\/www.europesays.com\/se\/wp-json\/wp\/v2\/media\/87023"}],"wp:attachment":[{"href":"https:\/\/www.europesays.com\/se\/wp-json\/wp\/v2\/media?parent=87022"}],"wp:term":[{"taxonomy":"category","embeddable":true,"href":"https:\/\/www.europesays.com\/se\/wp-json\/wp\/v2\/categories?post=87022"},{"taxonomy":"post_tag","embeddable":true,"href":"https:\/\/www.europesays.com\/se\/wp-json\/wp\/v2\/tags?post=87022"}],"curies":[{"name":"wp","href":"https:\/\/api.w.org\/{rel}","templated":true}]}}