{"id":87028,"date":"2025-11-22T13:03:09","date_gmt":"2025-11-22T13:03:09","guid":{"rendered":"https:\/\/www.europesays.com\/se\/87028\/"},"modified":"2025-11-22T13:03:09","modified_gmt":"2025-11-22T13:03:09","slug":"daligt-vader-satte-stopp-for-sasongens-forsta-varldscup","status":"publish","type":"post","link":"https:\/\/www.europesays.com\/se\/87028\/","title":{"rendered":"D\u00e5ligt v\u00e4der satte stopp f\u00f6r s\u00e4songens f\u00f6rsta v\u00e4rldscup"},"content":{"rendered":"<p>\n          Pressmeddelande &#8211;<br \/>\n22 November 2025 12:59<\/p>\n<p>    Dela<\/p>\n<p>\n          L\u00e4nk kopierad!\n        <\/p>\n<p>          <a class=\"ghost-btn-with-icon svg-stroke\" rel=\"nofollow noopener\" aria-label=\"Ladda ned som PDF\" href=\"https:\/\/www.mynewsdesk.com\/se\/svenska_skidforbundet\/pressreleases\/daaligt-vaeder-satte-stopp-foer-saesongens-foersta-vaerldscup-3417858.pdf\" target=\"_blank\"><\/p>\n<p>            Ladda ner<br \/>\n<\/a>      <\/p>\n<p><strong>Det som skulle bli starten p\u00e5 en sp\u00e4nnande v\u00e4rldscups\u00e4song fick ett abrupt slut. Trots intensiva f\u00f6rs\u00f6k att genomf\u00f6ra slopestylet\u00e4vlingen gjorde h\u00e5rda och vindar att herrarnas t\u00e4vling i Stubai, \u00d6sterrike, fick st\u00e4llas in.<\/strong><\/p>\n<p>F\u00f6r svensk del var det Victor Knutsen, IFK Falun Alpin, och Martin Nordqvist, Riksgr\u00e4nsen snowboard- och skidklubb, som drabbades av beslutet. Efter stark \u00e5kning under f\u00f6rs\u00e4songen var de laddade att f\u00e5 visa vad de g\u00e5r f\u00f6r \u2013 speciellt Victor som var redo f\u00f6r karri\u00e4rens f\u00f6rsta v\u00e4rldscupt\u00e4vling. <\/p>\n<p>\u2013 Det va tr\u00e5kigt att det blev inst\u00e4llt, b\u00e5de Martin och Victor har varit v\u00e4ldigt peppade p\u00e5 att f\u00e5 k\u00f6ra hela veckan. F\u00f6r Victor skulle det \u00e4ven vara den f\u00f6rsta v\u00e4rldscupt\u00e4vlingen, och Martin ville f\u00e5 revansch fr\u00e5n f\u00f6rra \u00e5ret, s\u00e4ger Oscar Wester, f\u00f6rbundskapten Freeski Team Sweden. <\/p>\n<p>Medan herrarnas t\u00e4vling fick st\u00e4llas in helt lyckades damerna genomf\u00f6ra sitt kval tidigare under veckan. D\u00e4rmed anv\u00e4ndes kvalresultatet som officiellt t\u00e4vlingsresultat f\u00f6r damerna. <\/p>\n<p>Inst\u00e4lld t\u00e4vling p\u00e5verkar OS-kvalet<\/p>\n<p>Ur OS-synpunkt inneb\u00e4r den inst\u00e4llda t\u00e4vlingen fr\u00e4mst att en kvalm\u00f6jlighet f\u00f6rsvinner, n\u00e5got som p\u00e5verkar hela startf\u00e4ltet.<\/p>\n<p>\u2013 P\u00e5verkan p\u00e5 OS \u00e4r egentligen bara att det blir en f\u00e4rre kvalt\u00e4vling f\u00f6r alla, s\u00e4ger Oscar Wester. <\/p>\n<p>Nu riktas fullt fokus fram\u00e5t p\u00e5 n\u00e4sta v\u00e4rldscup som g\u00e5r av stapeln redan den <strong>28\u201330 november i Secret Garden, Kina, <\/strong>d\u00e4r big air st\u00e5r p\u00e5 programmet. <\/p>\n<p>L\u00c4S MER: <a href=\"https:\/\/www.fis-ski.com\/DB\/freestyle-freeski\/freeski\/calendar-results.html?eventselection=&amp;place=&amp;sectorcode=FS&amp;seasoncode=2026&amp;categorycode=WC&amp;disciplinecode=SS,BA,RE&amp;gendercode=&amp;racedate=&amp;racecodex=&amp;nationcode=&amp;seasonmonth=X-2026&amp;saveselection=-1&amp;seasonselection=\" target=\"_blank\" rel=\"nofollow noopener\">Fullst\u00e4ndig t\u00e4vlingskalender<\/a>.<\/p>\n<p>Resultat v\u00e4rldscupen Stubia, AUT (slopestyle)<\/p>\n<p><strong>Damer<\/strong> <br \/>1) Mathilde Gremaud, SUI, 81.92p <br \/>2) Olivia Asselin, CAN, 76.72p <br \/>3) Anni Karava, 68.87p<\/p>\n<p><strong>Herrar <\/strong> <br \/>(Inst\u00e4lld) <\/p>\n<p>L\u00c4S MER: <a href=\"https:\/\/www.fis-ski.com\/DB\/general\/event-details.html?sectorcode=FS&amp;eventid=57937&amp;seasoncode=2026\" target=\"_blank\" rel=\"nofollow noopener\">Fullst\u00e4ndig resultatlista<\/a>. <strong><br \/><\/strong><\/p>\n","protected":false},"excerpt":{"rendered":"Pressmeddelande &#8211; 22 November 2025 12:59 Dela L\u00e4nk kopierad! Ladda ner Det som skulle bli starten p\u00e5 en&hellip;\n","protected":false},"author":2,"featured_media":87029,"comment_status":"","ping_status":"","sticky":false,"template":"","format":"standard","meta":{"footnotes":""},"categories":[5],"tags":[22,23,26,27,9498,17,21,2043,2040,24,25,28,29,15,16,18,34,31,5715,33,32,30,9499,19,20,331,9497],"class_list":{"0":"post-87028","1":"post","2":"type-post","3":"status-publish","4":"format-standard","5":"has-post-thumbnail","7":"category-rubriker","8":"tag-breaking-news","9":"tag-breakingnews","10":"tag-featured-news","11":"tag-featurednews","12":"tag-freeskiing","13":"tag-headlines","14":"tag-huvudnyheter","15":"tag-landslag","16":"tag-landslagslager","17":"tag-latest-news","18":"tag-latestnews","19":"tag-main-news","20":"tag-mainnews","21":"tag-news","22":"tag-nyheter","23":"tag-rubriker","24":"tag-se","25":"tag-svenska","26":"tag-svenska-skidforbundet","27":"tag-sverige","28":"tag-sweden","29":"tag-swedish","30":"tag-tavling","31":"tag-top-stories","32":"tag-topstories","33":"tag-traning","34":"tag-varldscup"},"share_on_mastodon":{"url":"https:\/\/pubeurope.com\/@se\/115593491441500401","error":""},"_links":{"self":[{"href":"https:\/\/www.europesays.com\/se\/wp-json\/wp\/v2\/posts\/87028","targetHints":{"allow":["GET"]}}],"collection":[{"href":"https:\/\/www.europesays.com\/se\/wp-json\/wp\/v2\/posts"}],"about":[{"href":"https:\/\/www.europesays.com\/se\/wp-json\/wp\/v2\/types\/post"}],"author":[{"embeddable":true,"href":"https:\/\/www.europesays.com\/se\/wp-json\/wp\/v2\/users\/2"}],"replies":[{"embeddable":true,"href":"https:\/\/www.europesays.com\/se\/wp-json\/wp\/v2\/comments?post=87028"}],"version-history":[{"count":0,"href":"https:\/\/www.europesays.com\/se\/wp-json\/wp\/v2\/posts\/87028\/revisions"}],"wp:featuredmedia":[{"embeddable":true,"href":"https:\/\/www.europesays.com\/se\/wp-json\/wp\/v2\/media\/87029"}],"wp:attachment":[{"href":"https:\/\/www.europesays.com\/se\/wp-json\/wp\/v2\/media?parent=87028"}],"wp:term":[{"taxonomy":"category","embeddable":true,"href":"https:\/\/www.europesays.com\/se\/wp-json\/wp\/v2\/categories?post=87028"},{"taxonomy":"post_tag","embeddable":true,"href":"https:\/\/www.europesays.com\/se\/wp-json\/wp\/v2\/tags?post=87028"}],"curies":[{"name":"wp","href":"https:\/\/api.w.org\/{rel}","templated":true}]}}