{"id":87036,"date":"2025-11-22T13:34:11","date_gmt":"2025-11-22T13:34:11","guid":{"rendered":"https:\/\/www.europesays.com\/se\/87036\/"},"modified":"2025-11-22T13:34:11","modified_gmt":"2025-11-22T13:34:11","slug":"flicka-kidnappades-hittad-pa-kastrup","status":"publish","type":"post","link":"https:\/\/www.europesays.com\/se\/87036\/","title":{"rendered":"Flicka kidnappades \u2013 hittad p\u00e5 Kastrup"},"content":{"rendered":"<p>En liten flicka som misst\u00e4nks ha kidnappats under natten till fredag har hittats p\u00e5 Kastrups flygplats i K\u00f6penhamn, rapporterar Aftonbladet med h\u00e4nvisning till k\u00e4llor. <\/p>\n<p>Kidnappningen \u00e4gde rum i en stad i s\u00f6dra Sverige. Flera personer ska ha brutit sig in hos en kvinna och tagit flickan under vapenhot. N\u00e5gra timmar efter att larmet kom in togs \u00e4rendet \u00f6ver av \u00e5klagarmyndigheten, skriver tidningen. <\/p>\n<p>Timmar senare, under tidiga fredagsmorgonen, hittades flickan av dansk polis p\u00e5 Kastrup. Hon var d\u00e5 med tv\u00e5 vuxna personer varav en av dem \u00e4r en n\u00e4ra anh\u00f6rig. Personerna greps och alla tre f\u00f6rdes tillbaka till Sverige.<\/p>\n<p>\u2013 Jag kan inte kommentera uppgifterna \u00f6verhuvudtaget, s\u00e4ger \u00e5klagare Lisa Hedberg till Aftonbladet.<\/p>\n<p>Omni \u00e4r politiskt obundna och oberoende. Vi str\u00e4var efter att ge fler perspektiv p\u00e5 nyheterna. Har du fr\u00e5gor eller synpunkter kring v\u00e5r rapportering? <a href=\"https:\/\/omni.se\/uppgifter-flicka-kidnappades-hittad-pa-kastrup\/a\/mailto:redaktion@omni.se\" class=\"ArticleActions_contactLink__W2F1M\" rel=\"nofollow noopener\" target=\"_blank\">Kontakta redaktionen<\/a><\/p>\n","protected":false},"excerpt":{"rendered":"En liten flicka som misst\u00e4nks ha kidnappats under natten till fredag har hittats p\u00e5 Kastrups flygplats i K\u00f6penhamn,&hellip;\n","protected":false},"author":2,"featured_media":87037,"comment_status":"","ping_status":"","sticky":false,"template":"","format":"standard","meta":{"footnotes":""},"categories":[12],"tags":[22,23,128,1205,267,26,27,17,21,24,25,28,29,15,16,18,34,31,33,32,30,19,20],"class_list":{"0":"post-87036","1":"post","2":"type-post","3":"status-publish","4":"format-standard","5":"has-post-thumbnail","7":"category-sverige","8":"tag-breaking-news","9":"tag-breakingnews","10":"tag-brott","11":"tag-danmark","12":"tag-europa","13":"tag-featured-news","14":"tag-featurednews","15":"tag-headlines","16":"tag-huvudnyheter","17":"tag-latest-news","18":"tag-latestnews","19":"tag-main-news","20":"tag-mainnews","21":"tag-news","22":"tag-nyheter","23":"tag-rubriker","24":"tag-se","25":"tag-svenska","26":"tag-sverige","27":"tag-sweden","28":"tag-swedish","29":"tag-top-stories","30":"tag-topstories"},"share_on_mastodon":{"url":"https:\/\/pubeurope.com\/@se\/115593613330896367","error":""},"_links":{"self":[{"href":"https:\/\/www.europesays.com\/se\/wp-json\/wp\/v2\/posts\/87036","targetHints":{"allow":["GET"]}}],"collection":[{"href":"https:\/\/www.europesays.com\/se\/wp-json\/wp\/v2\/posts"}],"about":[{"href":"https:\/\/www.europesays.com\/se\/wp-json\/wp\/v2\/types\/post"}],"author":[{"embeddable":true,"href":"https:\/\/www.europesays.com\/se\/wp-json\/wp\/v2\/users\/2"}],"replies":[{"embeddable":true,"href":"https:\/\/www.europesays.com\/se\/wp-json\/wp\/v2\/comments?post=87036"}],"version-history":[{"count":0,"href":"https:\/\/www.europesays.com\/se\/wp-json\/wp\/v2\/posts\/87036\/revisions"}],"wp:featuredmedia":[{"embeddable":true,"href":"https:\/\/www.europesays.com\/se\/wp-json\/wp\/v2\/media\/87037"}],"wp:attachment":[{"href":"https:\/\/www.europesays.com\/se\/wp-json\/wp\/v2\/media?parent=87036"}],"wp:term":[{"taxonomy":"category","embeddable":true,"href":"https:\/\/www.europesays.com\/se\/wp-json\/wp\/v2\/categories?post=87036"},{"taxonomy":"post_tag","embeddable":true,"href":"https:\/\/www.europesays.com\/se\/wp-json\/wp\/v2\/tags?post=87036"}],"curies":[{"name":"wp","href":"https:\/\/api.w.org\/{rel}","templated":true}]}}