{"id":87039,"date":"2025-11-22T13:41:09","date_gmt":"2025-11-22T13:41:09","guid":{"rendered":"https:\/\/www.europesays.com\/se\/87039\/"},"modified":"2025-11-22T13:41:09","modified_gmt":"2025-11-22T13:41:09","slug":"ukraina-och-usa-mots-om-fredsplan","status":"publish","type":"post","link":"https:\/\/www.europesays.com\/se\/87039\/","title":{"rendered":"Ukraina och USA m\u00f6ts om fredsplan"},"content":{"rendered":"<p>Ukraina och USA ska h\u00e5lla samtal i Schweiz om det amerikanska f\u00f6rslaget till fredsplan. <\/p>\n<p>\u00d6verl\u00e4ggningarna kommer att inledas \u201dunder de kommande dagarna\u201d mellan \u201dseniora f\u00f6retr\u00e4dare\u201d f\u00f6r Ukraina och USA, enligt Rustem Umerov, som leder Ukrainas nationella s\u00e4kerhetsr\u00e5d. \u201dM\u00f6jliga parametrar f\u00f6r ett framtida fredsavtal\u201d ska avhandlas p\u00e5 m\u00f6tet. <\/p>\n<p>Ukraina ska senast p\u00e5 torsdag ge besked om det utkast till fredsavtal med 28 punkter som USA har lagt fram. F\u00f6rslaget har kritiserats f\u00f6r att kraftigt luta till Rysslands f\u00f6rdel. <\/p>\n","protected":false},"excerpt":{"rendered":"Ukraina och USA ska h\u00e5lla samtal i Schweiz om det amerikanska f\u00f6rslaget till fredsplan. \u00d6verl\u00e4ggningarna kommer att inledas&hellip;\n","protected":false},"author":2,"featured_media":793,"comment_status":"","ping_status":"","sticky":false,"template":"","format":"standard","meta":{"footnotes":""},"categories":[14],"tags":[22,23,26,27,17,21,24,25,28,29,15,16,18,34,31,33,32,30,19,20,51,52,53,54],"class_list":{"0":"post-87039","1":"post","2":"type-post","3":"status-publish","4":"format-standard","5":"has-post-thumbnail","7":"category-varlden","8":"tag-breaking-news","9":"tag-breakingnews","10":"tag-featured-news","11":"tag-featurednews","12":"tag-headlines","13":"tag-huvudnyheter","14":"tag-latest-news","15":"tag-latestnews","16":"tag-main-news","17":"tag-mainnews","18":"tag-news","19":"tag-nyheter","20":"tag-rubriker","21":"tag-se","22":"tag-svenska","23":"tag-sverige","24":"tag-sweden","25":"tag-swedish","26":"tag-top-stories","27":"tag-topstories","28":"tag-varlden","29":"tag-world","30":"tag-world-news","31":"tag-worldnews"},"share_on_mastodon":{"url":"https:\/\/pubeurope.com\/@se\/115593640905461148","error":""},"_links":{"self":[{"href":"https:\/\/www.europesays.com\/se\/wp-json\/wp\/v2\/posts\/87039","targetHints":{"allow":["GET"]}}],"collection":[{"href":"https:\/\/www.europesays.com\/se\/wp-json\/wp\/v2\/posts"}],"about":[{"href":"https:\/\/www.europesays.com\/se\/wp-json\/wp\/v2\/types\/post"}],"author":[{"embeddable":true,"href":"https:\/\/www.europesays.com\/se\/wp-json\/wp\/v2\/users\/2"}],"replies":[{"embeddable":true,"href":"https:\/\/www.europesays.com\/se\/wp-json\/wp\/v2\/comments?post=87039"}],"version-history":[{"count":0,"href":"https:\/\/www.europesays.com\/se\/wp-json\/wp\/v2\/posts\/87039\/revisions"}],"wp:featuredmedia":[{"embeddable":true,"href":"https:\/\/www.europesays.com\/se\/wp-json\/wp\/v2\/media\/793"}],"wp:attachment":[{"href":"https:\/\/www.europesays.com\/se\/wp-json\/wp\/v2\/media?parent=87039"}],"wp:term":[{"taxonomy":"category","embeddable":true,"href":"https:\/\/www.europesays.com\/se\/wp-json\/wp\/v2\/categories?post=87039"},{"taxonomy":"post_tag","embeddable":true,"href":"https:\/\/www.europesays.com\/se\/wp-json\/wp\/v2\/tags?post=87039"}],"curies":[{"name":"wp","href":"https:\/\/api.w.org\/{rel}","templated":true}]}}