{"id":87042,"date":"2025-11-22T13:51:29","date_gmt":"2025-11-22T13:51:29","guid":{"rendered":"https:\/\/www.europesays.com\/se\/87042\/"},"modified":"2025-11-22T13:51:29","modified_gmt":"2025-11-22T13:51:29","slug":"svenskt-guld-i-beachvolley-vm-finalen-i-morgon","status":"publish","type":"post","link":"https:\/\/www.europesays.com\/se\/87042\/","title":{"rendered":"Svenskt guld i beachvolley-VM \u2013 finalen i\u00a0morgon"},"content":{"rendered":"<p>Det blir svenskt guld, och silver, i beachvolleyboll-VM i Australien. Det st\u00e5r klart redan efter semifinalerna. Tidigt i morse vann Jakob H\u00f6lting Nilsson och Elmer Andersson semifinalen mot franska Teo Rotar och Arnaud Gauthier-Rat med 21\u201318, 21\u201317.<\/p>\n<p>Under f\u00f6rmiddagen vann OS-vinnarna David \u00c5hman och Jonatan Hellvig semifinalen mot tyska Ehlers\/Wickler, en repris p\u00e5 f\u00f6rra \u00e5rets OS-final, med 21\u201310, 21\u201314.<\/p>\n<p>Den helsvenska finalen inleds klockan 09.25 p\u00e5 s\u00f6ndagsmorgonen.<\/p>\n<p>Omni \u00e4r politiskt obundna och oberoende. Vi str\u00e4var efter att ge fler perspektiv p\u00e5 nyheterna. Har du fr\u00e5gor eller synpunkter kring v\u00e5r rapportering? <a href=\"https:\/\/omni.se\/svenskt-vm-guld-i-beachvolley-bada-paren-i-final\/a\/mailto:redaktion@omni.se\" class=\"ArticleActions_contactLink__W2F1M\" rel=\"nofollow noopener\" target=\"_blank\">Kontakta redaktionen<\/a><\/p>\n","protected":false},"excerpt":{"rendered":"Det blir svenskt guld, och silver, i beachvolleyboll-VM i Australien. Det st\u00e5r klart redan efter semifinalerna. Tidigt i&hellip;\n","protected":false},"author":2,"featured_media":87043,"comment_status":"","ping_status":"","sticky":false,"template":"","format":"standard","meta":{"footnotes":""},"categories":[5],"tags":[1124,22,23,1123,26,27,17,21,1125,24,25,28,29,15,16,18,34,31,33,32,30,19,20],"class_list":{"0":"post-87042","1":"post","2":"type-post","3":"status-publish","4":"format-standard","5":"has-post-thumbnail","7":"category-rubriker","8":"tag-beachvolley","9":"tag-breaking-news","10":"tag-breakingnews","11":"tag-david-ahman","12":"tag-featured-news","13":"tag-featurednews","14":"tag-headlines","15":"tag-huvudnyheter","16":"tag-jonatan-hellvig","17":"tag-latest-news","18":"tag-latestnews","19":"tag-main-news","20":"tag-mainnews","21":"tag-news","22":"tag-nyheter","23":"tag-rubriker","24":"tag-se","25":"tag-svenska","26":"tag-sverige","27":"tag-sweden","28":"tag-swedish","29":"tag-top-stories","30":"tag-topstories"},"share_on_mastodon":{"url":"https:\/\/pubeurope.com\/@se\/115593680191951342","error":""},"_links":{"self":[{"href":"https:\/\/www.europesays.com\/se\/wp-json\/wp\/v2\/posts\/87042","targetHints":{"allow":["GET"]}}],"collection":[{"href":"https:\/\/www.europesays.com\/se\/wp-json\/wp\/v2\/posts"}],"about":[{"href":"https:\/\/www.europesays.com\/se\/wp-json\/wp\/v2\/types\/post"}],"author":[{"embeddable":true,"href":"https:\/\/www.europesays.com\/se\/wp-json\/wp\/v2\/users\/2"}],"replies":[{"embeddable":true,"href":"https:\/\/www.europesays.com\/se\/wp-json\/wp\/v2\/comments?post=87042"}],"version-history":[{"count":0,"href":"https:\/\/www.europesays.com\/se\/wp-json\/wp\/v2\/posts\/87042\/revisions"}],"wp:featuredmedia":[{"embeddable":true,"href":"https:\/\/www.europesays.com\/se\/wp-json\/wp\/v2\/media\/87043"}],"wp:attachment":[{"href":"https:\/\/www.europesays.com\/se\/wp-json\/wp\/v2\/media?parent=87042"}],"wp:term":[{"taxonomy":"category","embeddable":true,"href":"https:\/\/www.europesays.com\/se\/wp-json\/wp\/v2\/categories?post=87042"},{"taxonomy":"post_tag","embeddable":true,"href":"https:\/\/www.europesays.com\/se\/wp-json\/wp\/v2\/tags?post=87042"}],"curies":[{"name":"wp","href":"https:\/\/api.w.org\/{rel}","templated":true}]}}