{"id":87044,"date":"2025-11-22T13:59:22","date_gmt":"2025-11-22T13:59:22","guid":{"rendered":"https:\/\/www.europesays.com\/se\/87044\/"},"modified":"2025-11-22T13:59:22","modified_gmt":"2025-11-22T13:59:22","slug":"tiotusentals-tranor-doda-i-fagelinfluensa","status":"publish","type":"post","link":"https:\/\/www.europesays.com\/se\/87044\/","title":{"rendered":"Tiotusentals tranor d\u00f6da i f\u00e5gelinfluensa"},"content":{"rendered":"<p>            <img width=\"2048\" height=\"1365\" src=\"https:\/\/www.europesays.com\/se\/wp-content\/uploads\/2025\/11\/XYQSE935FWRB1K0.jpg\" class=\"attachment-full size-full\" alt=\"\" decoding=\"async\" fetchpriority=\"high\"  \/><\/p>\n<p id=\"caption-attachment-240926\" class=\"wp-caption-text\">Tiotusentals tranor har under h\u00f6sten d\u00f6tt i f\u00e5gelinfluensa p\u00e5 f\u00e5glarnas rastplatser i Europa. Bland dem \u00e4ven tranor som h\u00e4ckar i Sverige. Foto: Anders Jarnemo<\/p>\n<p data-beyondwords-marker=\"dfe55cfd-fb5f-4761-b404-f1b4fbebc02b\">Tiotusentals tranor, d\u00e4ribland m\u00e5nga som h\u00e4ckar i Sverige, har under h\u00f6sten d\u00f6tt i omfattande utbrott av <a href=\"https:\/\/svenskjakt.se\/tag\/fagelinfluensa\/\" class=\"tag-link\" aria-label=\"F\u00e5gelinfluensa\" rel=\"nofollow noopener\" target=\"_blank\">f\u00e5gelinfluensa<\/a>. I Tyskland och Frankrike r\u00f6r det sig om n\u00e4rmare 20 000 f\u00e5glar i respektive land. Fr\u00e5n Spanien rapporteras 1 000 d\u00f6da f\u00e5glar.<\/p>\n<p data-beyondwords-marker=\"ad3cc87c-f1cf-4a1a-8f67-e91f066765cf\">Sammanst\u00e4llningen har gjorts av European crane working group, och det handlar om tranor som flyttar l\u00e4ngs den sydv\u00e4stliga str\u00e4ckrutten genom Europa. Organisationen bed\u00f6mer att mellan 35 000 och 40 000 tranor \u00e4r d\u00f6da av f\u00e5gelinfluensan.<\/p>\n<p data-beyondwords-marker=\"2d99e456-1d2e-4a22-baeb-a3deeb03c3c0\">Enligt <a href=\"https:\/\/birdlife.se\/fagelinfluensan-bland-tranor-senaste-lagesrapporten\/?fbclid=IwdGRjcAOMTDRjbGNrA4xMFGV4dG4DYWVtAjExAHNydGMGYXBwX2lkDDM1MDY4NTUzMTcyOAABHrqVOgRaM6qXiGOEMPjyN4HCVtzvrBz-equoxP7ONTEaeiOLvI254p1Vyhmy_aem_px1qnObeXTh8qUAXP20igA\" data-type=\"link\" data-id=\"https:\/\/birdlife.se\/fagelinfluensan-bland-tranor-senaste-lagesrapporten\/?fbclid=IwdGRjcAOMTDRjbGNrA4xMFGV4dG4DYWVtAjExAHNydGMGYXBwX2lkDDM1MDY4NTUzMTcyOAABHrqVOgRaM6qXiGOEMPjyN4HCVtzvrBz-equoxP7ONTEaeiOLvI254p1Vyhmy_aem_px1qnObeXTh8qUAXP20igA\" rel=\"nofollow noopener\" target=\"_blank\">Birdlife Sveriges hemsida<\/a> inneb\u00e4r detta att cirka tio procent av tranorna som flyttar l\u00e4ngs denna str\u00e4ckv\u00e4g har fallit offer f\u00f6r influensan.<\/p>\n<blockquote class=\"wp-embedded-content\">\n<p>                                  <img decoding=\"async\" src=\"https:\/\/www.europesays.com\/se\/wp-content\/uploads\/2025\/11\/Gasjakt-Spoland5-150x150.jpg\" alt=\"Aggressiv spridning av f\u00e5gelinfluensa oroar forskare\"\/><\/p>\n<\/blockquote>\n<p data-beyondwords-marker=\"c54b9dfb-4336-42c8-a77c-5c0205a9b81f\">Flyttande svenska tranor har ocks\u00e5 drabbats av f\u00e5gelinfluensan. Det blir extra tydligt genom den trana som m\u00e4rktes med f\u00e4rgring i Tranemo kommun 2008 och som nu hittats d\u00f6d p\u00e5 kontinenten.\u00a0<\/p>\n<p data-beyondwords-marker=\"feec9260-197a-47a3-a95d-5a497cf84adc\">Enligt Svenska tranarbetsgruppen har just denna trana, som allts\u00e5 kan identifieras genom ringm\u00e4rkningens f\u00e4rgkombination, rapporterats \u00f6ver 240 g\u00e5nger under \u00e5rens lopp \u2013 i Spanien, Frankrike, Tyskland och Sverige.<\/p>\n<p data-beyondwords-marker=\"bf392cde-a9a8-451f-9e44-42461c26bf3c\">Utbrottet av f\u00e5gelinfluensa p\u00e5g\u00e5r fortfarande, men enligt Birdlife Sverige kommer nu rapporter om att det kan vara p\u00e5 v\u00e4g att mattas av.<\/p>\n<p>\nMissa ingenting \u2013 f\u00e5 Svensk Jakts nyheter i din mejlbox<br \/>\nNyhetsbrevet skickas ut varje vardag.<\/p>\n","protected":false},"excerpt":{"rendered":"Tiotusentals tranor har under h\u00f6sten d\u00f6tt i f\u00e5gelinfluensa p\u00e5 f\u00e5glarnas rastplatser i Europa. Bland dem \u00e4ven tranor som&hellip;\n","protected":false},"author":2,"featured_media":87045,"comment_status":"","ping_status":"","sticky":false,"template":"","format":"standard","meta":{"footnotes":""},"categories":[5],"tags":[22,23,26,27,17,21,24,25,28,29,15,16,18,34,31,33,32,30,19,20],"class_list":{"0":"post-87044","1":"post","2":"type-post","3":"status-publish","4":"format-standard","5":"has-post-thumbnail","7":"category-rubriker","8":"tag-breaking-news","9":"tag-breakingnews","10":"tag-featured-news","11":"tag-featurednews","12":"tag-headlines","13":"tag-huvudnyheter","14":"tag-latest-news","15":"tag-latestnews","16":"tag-main-news","17":"tag-mainnews","18":"tag-news","19":"tag-nyheter","20":"tag-rubriker","21":"tag-se","22":"tag-svenska","23":"tag-sverige","24":"tag-sweden","25":"tag-swedish","26":"tag-top-stories","27":"tag-topstories"},"share_on_mastodon":{"url":"https:\/\/pubeurope.com\/@se\/115593711819137089","error":""},"_links":{"self":[{"href":"https:\/\/www.europesays.com\/se\/wp-json\/wp\/v2\/posts\/87044","targetHints":{"allow":["GET"]}}],"collection":[{"href":"https:\/\/www.europesays.com\/se\/wp-json\/wp\/v2\/posts"}],"about":[{"href":"https:\/\/www.europesays.com\/se\/wp-json\/wp\/v2\/types\/post"}],"author":[{"embeddable":true,"href":"https:\/\/www.europesays.com\/se\/wp-json\/wp\/v2\/users\/2"}],"replies":[{"embeddable":true,"href":"https:\/\/www.europesays.com\/se\/wp-json\/wp\/v2\/comments?post=87044"}],"version-history":[{"count":0,"href":"https:\/\/www.europesays.com\/se\/wp-json\/wp\/v2\/posts\/87044\/revisions"}],"wp:featuredmedia":[{"embeddable":true,"href":"https:\/\/www.europesays.com\/se\/wp-json\/wp\/v2\/media\/87045"}],"wp:attachment":[{"href":"https:\/\/www.europesays.com\/se\/wp-json\/wp\/v2\/media?parent=87044"}],"wp:term":[{"taxonomy":"category","embeddable":true,"href":"https:\/\/www.europesays.com\/se\/wp-json\/wp\/v2\/categories?post=87044"},{"taxonomy":"post_tag","embeddable":true,"href":"https:\/\/www.europesays.com\/se\/wp-json\/wp\/v2\/tags?post=87044"}],"curies":[{"name":"wp","href":"https:\/\/api.w.org\/{rel}","templated":true}]}}