{"id":87046,"date":"2025-11-22T14:07:21","date_gmt":"2025-11-22T14:07:21","guid":{"rendered":"https:\/\/www.europesays.com\/se\/87046\/"},"modified":"2025-11-22T14:07:21","modified_gmt":"2025-11-22T14:07:21","slug":"uppgifter-omark-nara-aterkomst-till-shl","status":"publish","type":"post","link":"https:\/\/www.europesays.com\/se\/87046\/","title":{"rendered":"Uppgifter: Omark n\u00e4ra \u00e5terkomst till SHL"},"content":{"rendered":"<p>Linus Omark var med och tog hem guldet till Lule\u00e5. Nu talar mycket p\u00e5 en \u00e5terkomst till klubben, enligt <a href=\"https:\/\/www.expressen.se\/sport\/hockey\/shl\/linus-omark-nara-aterkomst-i-lulea-kan-enas-inom-kort\/\" rel=\"nofollow noopener\" target=\"_blank\">Expressen. <\/a><\/p>\n<p class=\"\">Linus Omark l\u00e4mnade Lule\u00e5 efter SM-guldet och har sedan dess spelat en period i Schweiz. Han har \u00e4ven ryktats till S\u00f6dert\u00e4lje, men n\u00e5gon flytt dit blev det inte. Av familjesk\u00e4l blev det heller ingen forts\u00e4ttning i Schweiz med Lugano. <\/p>\n<p class=\"\">Nu talar mycket f\u00f6r att Lule\u00e5 \u00e5terigen \u00e4r p\u00e5 tapeten. Enligt <a class=\"null text-blue-link\" href=\"https:\/\/www.expressen.se\/sport\/hockey\/shl\/linus-omark-nara-aterkomst-i-lulea-kan-enas-inom-kort\/\" rel=\"nofollow noopener\" target=\"_blank\">Expressen<\/a> \u00e4r en \u00e5terkomst n\u00e4ra, och det kan ske redan n\u00e4sta vecka, medan vissa k\u00e4llor menar att det redan ska vara klart. <\/p>\n<p class=\"\">\u2013 I s\u00e5 fall vet ni mer \u00e4n jag. Han funderar \u00e4nnu, och som vi f\u00f6rst\u00e5tt det, s\u00e5 handlar det om att spela med oss eller att l\u00e4gga av. Mer \u00e4n s\u00e5 vet vi inte just nu, s\u00e4ger Ulf Engman till Expressen.<\/p>\n<p class=\"\">Det hela ligger nu i Omarks h\u00e4nder. <\/p>\n<p class=\"\">\u2013 Avtalet \u00e4r inga problem. Det \u00e4r mer om han ska skriva p\u00e5. Ena dagen k\u00e4nns det \u00e5t ett h\u00e5ll, och andra dagen \u00e5t ett helt annat h\u00e5ll. Jag kan s\u00e4ga s\u00e5 h\u00e4r, att om han best\u00e4mmer sig slutgiltigt f\u00f6r oss, och skriver p\u00e5, d\u00e5 kommer vi g\u00e5 ut med det p\u00e5 studs f\u00f6r att undvika spekulationer, s\u00e4ger Ulf Engman till Expressen.<\/p>\n<p class=\"\">Omark ska ha f\u00e5tt ett kontraktsf\u00f6rslag fr\u00e5n Lule\u00e5, n\u00e5got b\u00e5de Expressen och Aftonbladet rapporterat om. <\/p>\n<p class=\"\">\u2013 Jag \u00e4r f\u00f6r bra f\u00f6r att sluta, har Omark sagt till <a class=\"null text-blue-link\" href=\"https:\/\/www.aftonbladet.se\/sportbladet\/hockey\/a\/43jL1R\/lulea-har-gett-bud-till-omark\" rel=\"nofollow noopener\" target=\"_blank\">Aftonbladet.<\/a><\/p>\n<p><a class=\"block my-8\" href=\"https:\/\/hockeynews.se\/hockeynewsguiden\/lulea-hf\" rel=\"nofollow noopener\" target=\"_blank\"><img alt=\"\" loading=\"lazy\" width=\"1080\" height=\"200\" decoding=\"async\" data-nimg=\"1\" style=\"color:transparent\" src=\"https:\/\/www.europesays.com\/se\/wp-content\/uploads\/2025\/09\/LSsoptegGhHKRLW5JceIfrd2ytnspAimqxvDLh25.png\"\/><\/a>Kommentarer TopprankadeSenaste\u00c4ldstaTrendar<\/p>\n<p>Skaffa PLUS f\u00f6r att kommentera<\/p>\n<p>Med en aktiv PLUS-prenumeration kan du kommentera, svara p\u00e5 andra och gilla kommentarer.<\/p>\n<p><a class=\"btn-primary btn-small\" href=\"https:\/\/hockeynews.se\/plus\" rel=\"nofollow noopener\" target=\"_blank\">Skaffa PLUS<\/a><\/p>\n<p>Anv\u00e4nd koden NORR50 \u2013 f\u00e5 \u00e5rskortet f\u00f6r halva priset 349kr (ord pris 699kr). Fyll i NORR50 i sista steget. <a class=\"text-yellow underline font-bold\" href=\"https:\/\/hockeynews.se\/plus\" rel=\"nofollow noopener\" target=\"_blank\">Skaffa PLUS<\/a><\/p>\n<p>Halva priset p\u00e5 TV4 Play Sport Hockey \u2013 <a class=\"text-yellow underline\" href=\"https:\/\/www.tv4play.se\/kampanj\/hockeynewshockey\" rel=\"nofollow noopener\" target=\"_blank\">f\u00e5 kod med Hockeynews h\u00e4r!<\/a> (Annons)<\/p>\n<p><a class=\"text-yellow underline font-bold\" href=\"https:\/\/hockeynews.se\/app\" rel=\"nofollow noopener\" target=\"_blank\">H\u00e4mta Hockeynews app f\u00f6r iOS och Android<\/a> &#8211; gratis: nyheter, sp\u00e4nnande silly, unik inside, exklusiva intervjuer och matchrapporter fr\u00e5n alla ligor<\/p>\n","protected":false},"excerpt":{"rendered":"Linus Omark var med och tog hem guldet till Lule\u00e5. Nu talar mycket p\u00e5 en \u00e5terkomst till klubben,&hellip;\n","protected":false},"author":2,"featured_media":87047,"comment_status":"","ping_status":"","sticky":false,"template":"","format":"standard","meta":{"footnotes":""},"categories":[5],"tags":[22,23,26,27,17,21,24,25,28,29,15,16,18,34,31,33,32,30,19,20],"class_list":{"0":"post-87046","1":"post","2":"type-post","3":"status-publish","4":"format-standard","5":"has-post-thumbnail","7":"category-rubriker","8":"tag-breaking-news","9":"tag-breakingnews","10":"tag-featured-news","11":"tag-featurednews","12":"tag-headlines","13":"tag-huvudnyheter","14":"tag-latest-news","15":"tag-latestnews","16":"tag-main-news","17":"tag-mainnews","18":"tag-news","19":"tag-nyheter","20":"tag-rubriker","21":"tag-se","22":"tag-svenska","23":"tag-sverige","24":"tag-sweden","25":"tag-swedish","26":"tag-top-stories","27":"tag-topstories"},"share_on_mastodon":{"url":"https:\/\/pubeurope.com\/@se\/115593743298996826","error":""},"_links":{"self":[{"href":"https:\/\/www.europesays.com\/se\/wp-json\/wp\/v2\/posts\/87046","targetHints":{"allow":["GET"]}}],"collection":[{"href":"https:\/\/www.europesays.com\/se\/wp-json\/wp\/v2\/posts"}],"about":[{"href":"https:\/\/www.europesays.com\/se\/wp-json\/wp\/v2\/types\/post"}],"author":[{"embeddable":true,"href":"https:\/\/www.europesays.com\/se\/wp-json\/wp\/v2\/users\/2"}],"replies":[{"embeddable":true,"href":"https:\/\/www.europesays.com\/se\/wp-json\/wp\/v2\/comments?post=87046"}],"version-history":[{"count":0,"href":"https:\/\/www.europesays.com\/se\/wp-json\/wp\/v2\/posts\/87046\/revisions"}],"wp:featuredmedia":[{"embeddable":true,"href":"https:\/\/www.europesays.com\/se\/wp-json\/wp\/v2\/media\/87047"}],"wp:attachment":[{"href":"https:\/\/www.europesays.com\/se\/wp-json\/wp\/v2\/media?parent=87046"}],"wp:term":[{"taxonomy":"category","embeddable":true,"href":"https:\/\/www.europesays.com\/se\/wp-json\/wp\/v2\/categories?post=87046"},{"taxonomy":"post_tag","embeddable":true,"href":"https:\/\/www.europesays.com\/se\/wp-json\/wp\/v2\/tags?post=87046"}],"curies":[{"name":"wp","href":"https:\/\/api.w.org\/{rel}","templated":true}]}}