{"id":87048,"date":"2025-11-22T14:15:15","date_gmt":"2025-11-22T14:15:15","guid":{"rendered":"https:\/\/www.europesays.com\/se\/87048\/"},"modified":"2025-11-22T14:15:15","modified_gmt":"2025-11-22T14:15:15","slug":"rasmus-bonde-lamnar-aik-fotboll","status":"publish","type":"post","link":"https:\/\/www.europesays.com\/se\/87048\/","title":{"rendered":"Rasmus Bonde l\u00e4mnar AIK Fotboll"},"content":{"rendered":"<p>Fakta Rasmus Bonde<\/p>\n<p class=\"Paragraph_paragraph__uxXGA Paragraph_l__32960\">22-\u00e5rige Rasmus Bonde, f\u00f6dd l\u00f6rdagen den 1 februari 2003 p\u00e5 S\u00f6dersjukhuset i Stockholm och uppv\u00e4xt i huvudstaden samt senare i Ulriksdal, b\u00f6rjade som fem\u00e5ring spela fotboll i moderklubben Ulriksdals SK. 2014 kom han till AIK Fotboll och spelade inledningsvis med ungdomslaget innan han b\u00f6rjade spela med P03A i P14- och P15-serier, och \u00e4ven bland annat Lennart Johansson Academy Trophy. 2018 spelade Rasmus med AIK:s U16-lag och 2019 med P16- och P17-lagen. 2018 vann AIK Gothia Cups klass SEF Trophy med Rasmus Bonde i laget efter att man vunnit samtliga matcher i turneringen. I gruppspelet besegrades BK Forward (5\u20131), \u00d6rgryte IS (2\u20130) och Dalkurd FF\/Forssa BK (1\u20130). I slutspelet vann AIK \u00f6ver Vasalunds IF (3\u20130), IF Brommapojkarna (2\u20131) och BK H\u00e4cken (3\u20130) vilket gav en finalplats mot Helsingborgs IF p\u00e5 SKF Arena p\u00e5 Heden i G\u00f6teborg den 21 juli 2018. Finalen vanns i solskenet av det vitkl\u00e4dda AIK-laget med 2\u20130 (1\u20130) efter m\u00e5l av Linus Mattsson och Amar Ahmed Fatah.<\/p>\n<p class=\"Paragraph_paragraph__uxXGA Paragraph_l__32960\">2020 spelade Rasmus med P17 och P19. Debuten f\u00f6r P19 skedde i den av pandemin uppskjutna premi\u00e4ren av P19 Allsvenskan Norra den 14 juni 2020 d\u00e5 AIK m\u00f6tte IK Frej T\u00e4by (4-4) p\u00e5 Vikingavallen d\u00e4r Rasmus inledde p\u00e5 b\u00e4nken i tr\u00f6ja nummer 21. Det blev sammanlagt \u00e5tta matcher i Allsvenskan Norra och Forts\u00e4ttningsserien A \u2013 Norra. Den 4 december 2020 meddelade SvFF:s T\u00e4vlingskommitt\u00e9 att de matcher som \u00e5terstod i bland annat P19-allsvenskan st\u00e4lldes in och inga SM-vinnare korades i P19-allsvenskan f\u00f6r s\u00e4songen 2020.<\/p>\n<p class=\"Paragraph_paragraph__uxXGA Paragraph_l__32960\">Den 29 mars 2021 kom AIK Fotboll \u00f6verens med Sandvikens IF om en utl\u00e5ning f\u00f6r Rasmus fram till sommarens transferf\u00f6nster. I seriepremi\u00e4ren borta mot IF Sylvia (2\u20130) p\u00e5 PlatinumCars Arena i Norrk\u00f6ping den 3 april 2021 satt han p\u00e5 b\u00e4nken i hela matchen. Rasmus satt \u00e4ven p\u00e5 b\u00e4nken i den efterf\u00f6ljande hemmamatchen mot IF Brommapojkarna (0\u20130), men i den tredje omg\u00e5ngen borta mot IFK Lule\u00e5 (2\u20130) p\u00e5 Nyabvallen i Lule\u00e5 den 17 april 2021 var det dags f\u00f6r seniordebut. Han var uttagen som v\u00e4nsterback i startelvan av tr\u00e4narduon Martin Falk och Thomas Gabrielsson och spelade i tr\u00f6ja nummer 13 fram till den 73:e matchminuten d\u00e5 han ersattes av Jimmy Hansson. Den 5 juni 2021 var det dags f\u00f6r hans f\u00f6rsta m\u00e5l i en seniormatch d\u00e5 R\u00f6dv\u00e4starna tog emot Dalkurd FF (3\u20132) inf\u00f6r 487 \u00e5sk\u00e5dare hemma p\u00e5 gamla VM-arenan Jernvallen i Sandviken. Rasmus svarade f\u00f6r 2\u20130-m\u00e5let i toppm\u00f6tet i den 66:e matchminuten innan han nio minuter senare byttes ut mot Kevin Pacha. Det blev tolv matcher f\u00f6r honom, varav tio fr\u00e5n start, med Sandvikens IF i Ettan Norra innan han \u00e5terv\u00e4nde till AIK Fotboll. Han svarade f\u00f6r ett m\u00e5l och drog p\u00e5 sig tre gula kort d\u00e5 Sandvikens IF efter 15 spelade omg\u00e5ngar l\u00e5g p\u00e5 andra plats i tabellen, fyra po\u00e4ng efter serieledande IF Brommapojkarna.<\/p>\n<p class=\"Paragraph_paragraph__uxXGA Paragraph_l__32960\">Den 19 augusti 2021 st\u00e4lldes AIK mot R\u00e5gsveds IF inf\u00f6r 1 800 \u00e5sk\u00e5dare p\u00e5 Hags\u00e4tra IP i den andra omg\u00e5ngen av Svenska cupen 2021\/2022 och Rasmus Bonde var uttagen i startelvan av chefstr\u00e4naren Bartosz Grzelak. Rasmus spelade v\u00e4nsterback i tr\u00f6ja nummer 46 och hade i sin debut \u00e4ven s\u00e4llskap av en annan AIK-debutant i landslagsm\u00e5lvakten Kristoffer Nordfeldt. N\u00e4r matchklockan passerat 17 minuters spel dribblade Saku Yl\u00e4tupa p\u00e5 v\u00e4nsterkanten och spelade bak bollen till Rasmus Bonde som lyfte in den i straffomr\u00e5det. F\u00f6rsvaret fick inte undan bollen utan l\u00e4t Bojan Radulovic nicka ner den till Yasin Ayari som p\u00e5 volley placerade in 2\u20130 via stolpen i det v\u00e4nstra h\u00f6rnet. AIK vann till slut med 5\u20130 och Rasmus Bonde spelade hela matchen. I den efterf\u00f6ljande allsvenska hemmamatchen mot BK H\u00e4cken (2\u20131) den 22 augusti 2021 satt Rasmus p\u00e5 b\u00e4nken hela matchen.<\/p>\n<p class=\"Paragraph_paragraph__uxXGA Paragraph_l__32960\">Den 2 september 2021 meddelade AIK Fotboll att man ing\u00e5tt f\u00f6reningssamarbeten p\u00e5 herrsidan tillsammans med klubbarna Vasalunds IF, Sollentuna FK samt Sandvikens IF. Flertalet spelare fr\u00e5n AIK:s herr- och juniorverksamhet skulle d\u00e4rmed representera dessa klubbar under h\u00f6sten. Rasmus Bonde var d\u00e4rmed tillg\u00e4nglig f\u00f6r spel i Sandvikens IF som med tolv omg\u00e5ngar kvar av Ettan Norra l\u00e5g p\u00e5 en andraplats i tabellen. Det blev sammanlagt 15 matcher, varav 13 fr\u00e5n start, och ett m\u00e5l f\u00f6r honom i Sandvikens IF d\u00e5 de slutade p\u00e5 tredje plats i Ettan Norra, fyra po\u00e4ng efter Dalkurd FF som tog kvalplatsen till Superettan. Rasmus spelade \u00e4ven nio matcher med AIK:s P19-lag i P19 Allsvenskan Norra under 2021 d\u00e5 man slutade p\u00e5 femte plats i tabellen.<\/p>\n<p class=\"Paragraph_paragraph__uxXGA Paragraph_l__32960\">Den 21 december 2021 meddelade AIK Fotboll att man var \u00f6verens med Rasmus Bonde om ett A-lagskontrakt som l\u00f6per till och med 31 december 2025 och han ansl\u00f6t till Karlberg d\u00e5 f\u00f6rs\u00e4songen drog ig\u00e5ng i januari 2022. Han tilldelades tr\u00f6ja nummer 28. Under f\u00f6rs\u00e4songen spelade Rasmus i fyra av AIK:s tr\u00e4ningsmatcher, varav en fr\u00e5n start. Han var inte med i matchtrupperna d\u00e5 AIK vann sin grupp i Svenska cupen 2021\/2022 och ej heller i kvartsfinalen borta mot Malm\u00f6 FF (2\u20133 efter f\u00f6rl\u00e4ngning) den 14 mars 2022. Den 18 mars 2022 meddelade AIKI Fotboll att man var \u00f6verens med Vasalunds IF om en utl\u00e5ning av Rasmus Bonde. Utl\u00e5ningsavtalet mellan AIK Fotboll och Vasalunds IF g\u00e4llde till och med den 15 juli 2022 d\u00e5 transferf\u00f6nstret \u00f6ppnar igen, men f\u00f6rl\u00e4ngdes senare f\u00f6r att g\u00e4lla hela s\u00e4songen.<\/p>\n<p class=\"Paragraph_paragraph__uxXGA Paragraph_l__32960\">Debuten f\u00f6r Vasalunds IF skedde i premi\u00e4ren av Ettan Norra d\u00e5 man st\u00e4lldes mot Ume\u00e5 FC (0\u20134) inf\u00f6r 564 \u00e5sk\u00e5dare p\u00e5 Ume\u00e5 Energi Arena SOL den 3 april 2022. Rasmus inledde p\u00e5 b\u00e4nken i tr\u00f6ja nummer 22 och byttes in i den 57:e matchminuten d\u00e5 han vid st\u00e4llningen 0\u20133 ersatte Alexandros Pantelidis. Rasmus hade i matchtruppen s\u00e4llskap av de nuvarande AIK-spelarna Calvin Kabuye, Elias Durmaz och Abdihakin Ali. Inf\u00f6r den sj\u00e4tte omg\u00e5ngen fick chefstr\u00e4naren Akis Vavalis l\u00e4mna klubben efter resultatraden 1V-3O-1F och ny manager blev Babar Rehman. Vasalunds IF var l\u00e4nge med i toppstriden i Ettan Norra, men slutade till slut trea i tabellen efter Gefle IF FF som tog en plats i Superettan och Sandvikens IF som tog kvalplatsen. I den 29:e omg\u00e5ngen hade man ett j\u00e4ttel\u00e4ge att g\u00e5 upp p\u00e5 samma po\u00e4ng som tv\u00e5an Sandvikens IF, men Vasalunds IF noterade d\u00e5 \u00e5rets st\u00f6rsta f\u00f6rlust i och med 1\u20135 hemma mot 14-placerade T\u00e4by FK vilket \u00e4ndade m\u00f6jligheten till kvalspel f\u00f6r Solna-klubben.<\/p>\n<p class=\"Paragraph_paragraph__uxXGA Paragraph_l__32960\">D\u00e5 Rasmus var uppskriven p\u00e5 en utl\u00e5ningslista innebar det att han kunde spela i Svenska cupen f\u00f6r den klubben som han egentligen tillh\u00f6rde. Glysisvallen i Hudiksvall var spelplatsen f\u00f6r AIK i den andra omg\u00e5ngen av Svenska cupen 2022\/2023 och Hudiksvalls F\u00f6renade FF (4\u20132) stod f\u00f6r motst\u00e5ndet d\u00e4r 1 371 \u00e5sk\u00e5dare hade samlats den 31 augusti 2022. Rasmus Bonde spelade hela cupmatchen f\u00f6r AIK innan han \u00e5terv\u00e4nde till Vasalunds IF i Ettan Norra. Det blev 26 matcher i Ettan Norra f\u00f6r Rasmus Bonde, varav 22 fr\u00e5n start, och han svarade f\u00f6r ett m\u00e5l. M\u00e5let kom i hemmam\u00f6tet med Ume\u00e5 FC (2\u20131) inf\u00f6r 329 \u00e5sk\u00e5dare p\u00e5 Skytteholms IP den 11 september 2022 d\u00e5 han slog in segerm\u00e5let i den 87:e matchminuten. Rasmus blev stor matchhj\u00e4lte d\u00e5 Vasalunds IF v\u00e4nde ett 0\u20131-underl\u00e4ge till seger. Efter att t\u00e4vlingss\u00e4songen avslutades f\u00f6r Vasalunds IF \u00e5terv\u00e4nde Rasmus till AIK och tr\u00e4nade p\u00e5 Karlberg samt spelade i de tv\u00e5 avslutande tr\u00e4ningsmatcherna p\u00e5 Skytteholms IP. Han startade mot IK Sirius FK (2\u20132) den 17 november 2022 och gjorde ett inhopp mot V\u00e4ster\u00e5s SK FK (1\u20131) den 24 november 2022.<\/p>\n<p class=\"Paragraph_paragraph__uxXGA Paragraph_l__32960\">Under f\u00f6rs\u00e4songen 2023 spelade Rasmus i AIK:s fyra f\u00f6rsta matcher, varav tv\u00e5 fr\u00e5n start, och var med p\u00e5 tr\u00e4ningsl\u00e4gret i Algarve, Portugal. Den 22 februari 2023 kom AIK Fotboll \u00f6verens med den norska klubben IL H\u00f6dd om en utl\u00e5ning av Rasmus Bonde. Den 10 april 2023 debuterade Rasmus f\u00f6r IL H\u00f6dd d\u00e5 de i OBOS-ligaen tog emot Raufoss IL (1\u20130) p\u00e5 Nye H\u00f8ddvoll i Ulsteinvik. Rasmus inledde p\u00e5 b\u00e4nken i tr\u00f6ja nummer 3 under ledning av den norske chefstr\u00e4naren Joakim Dragsten och i den 87:e matchminuten blev det debut d\u00e5 han ersatte Torbj\u00f8rn Kallev\u00e5g. Det blev sammanlagt \u00e5tta matcher f\u00f6r Rasmus i OBOS-ligaen, varav en fr\u00e5n start. Efter ett halv\u00e5r i Norge \u00e5teransl\u00f6t Rasmus till AIK Fotbolls verksamhet, d\u00e4remot skulle han kort d\u00e4refter bli utl\u00e5nad till \u00d6rebro SK under hela h\u00f6sts\u00e4songen 2023. Debuten skedde den 28 september i hemmam\u00f6tet med Utsiktens BK (5\u20131) n\u00e4r han i den 67e matchminuten byttes in i st\u00e4llet f\u00f6r Kevin Walker. Sammanlagt blev det fyra framtr\u00e4danden f\u00f6r Rasmus i \u00d6rebro SK innan han \u00e5terigen var tillbaka i Stockholm och AIK.<\/p>\n<p class=\"Paragraph_paragraph__uxXGA Paragraph_l__32960\">Den 28 mars 2024 l\u00e5nades Rasmus Bonde ut till Vasalunds IF \u00f6ver hela s\u00e4songen 2024. Det blev sammanlagt spel i 29 t\u00e4vlingsmatcher, varav 25 fr\u00e5n start, d\u00e5 Vasalunds IF slutade p\u00e5 femte plats i Ettan Norra. Rasmus svarade f\u00f6r tv\u00e5 m\u00e5l i seriespelet, hemma mot Sollentuna FK (5\u20132) den 19 oktober 2024 och borta mot Nordic United FC (4\u20131) den 9 november 2024.<\/p>\n<p class=\"Paragraph_paragraph__uxXGA Paragraph_l__32960\">N\u00e4r AIK reste till spanska Marbella f\u00f6r \u00e5rets andra tr\u00e4ningsl\u00e4ger i slutet av januari 2025 s\u00e5 var Rasmus en av spelarna som var med i truppen. D\u00e4remot skulle ytterligare en utl\u00e5ning komma inf\u00f6r att s\u00e4songen 2025 skulle inledas. Den 26 februari kom AIK Fotboll \u00f6verens med norska Rausfoss IL om ett s\u00e4songsl\u00e5ngt l\u00e5neavtal av ytterbacken.<\/p>\n","protected":false},"excerpt":{"rendered":"Fakta Rasmus Bonde 22-\u00e5rige Rasmus Bonde, f\u00f6dd l\u00f6rdagen den 1 februari 2003 p\u00e5 S\u00f6dersjukhuset i Stockholm och uppv\u00e4xt&hellip;\n","protected":false},"author":2,"featured_media":87049,"comment_status":"","ping_status":"","sticky":false,"template":"","format":"standard","meta":{"footnotes":""},"categories":[5],"tags":[22,23,26,27,17,21,24,25,28,29,15,16,18,34,31,33,32,30,19,20],"class_list":{"0":"post-87048","1":"post","2":"type-post","3":"status-publish","4":"format-standard","5":"has-post-thumbnail","7":"category-rubriker","8":"tag-breaking-news","9":"tag-breakingnews","10":"tag-featured-news","11":"tag-featurednews","12":"tag-headlines","13":"tag-huvudnyheter","14":"tag-latest-news","15":"tag-latestnews","16":"tag-main-news","17":"tag-mainnews","18":"tag-news","19":"tag-nyheter","20":"tag-rubriker","21":"tag-se","22":"tag-svenska","23":"tag-sverige","24":"tag-sweden","25":"tag-swedish","26":"tag-top-stories","27":"tag-topstories"},"share_on_mastodon":{"url":"https:\/\/pubeurope.com\/@se\/115593774573575703","error":""},"_links":{"self":[{"href":"https:\/\/www.europesays.com\/se\/wp-json\/wp\/v2\/posts\/87048","targetHints":{"allow":["GET"]}}],"collection":[{"href":"https:\/\/www.europesays.com\/se\/wp-json\/wp\/v2\/posts"}],"about":[{"href":"https:\/\/www.europesays.com\/se\/wp-json\/wp\/v2\/types\/post"}],"author":[{"embeddable":true,"href":"https:\/\/www.europesays.com\/se\/wp-json\/wp\/v2\/users\/2"}],"replies":[{"embeddable":true,"href":"https:\/\/www.europesays.com\/se\/wp-json\/wp\/v2\/comments?post=87048"}],"version-history":[{"count":0,"href":"https:\/\/www.europesays.com\/se\/wp-json\/wp\/v2\/posts\/87048\/revisions"}],"wp:featuredmedia":[{"embeddable":true,"href":"https:\/\/www.europesays.com\/se\/wp-json\/wp\/v2\/media\/87049"}],"wp:attachment":[{"href":"https:\/\/www.europesays.com\/se\/wp-json\/wp\/v2\/media?parent=87048"}],"wp:term":[{"taxonomy":"category","embeddable":true,"href":"https:\/\/www.europesays.com\/se\/wp-json\/wp\/v2\/categories?post=87048"},{"taxonomy":"post_tag","embeddable":true,"href":"https:\/\/www.europesays.com\/se\/wp-json\/wp\/v2\/tags?post=87048"}],"curies":[{"name":"wp","href":"https:\/\/api.w.org\/{rel}","templated":true}]}}