{"id":87050,"date":"2025-11-22T14:18:08","date_gmt":"2025-11-22T14:18:08","guid":{"rendered":"https:\/\/www.europesays.com\/se\/87050\/"},"modified":"2025-11-22T14:18:08","modified_gmt":"2025-11-22T14:18:08","slug":"nya-wicked-filmen-slar-rekord-i-intakter","status":"publish","type":"post","link":"https:\/\/www.europesays.com\/se\/87050\/","title":{"rendered":"Nya \u201dWicked\u201d-filmen sl\u00e5r rekord i int\u00e4kter"},"content":{"rendered":"<p>\u201dWicked\u201d-uppf\u00f6ljaren \u201dWicked: For Good\u201d sl\u00e5r rekord i int\u00e4kter. Bara under f\u00f6rhandsvisningen p\u00e5 bio drog den in 30,8 miljoner dollar, vilket \u00e4r det h\u00f6gsta i \u00e5r, rapporterar Variety. <\/p>\n<p>Den ber\u00e4knas dra in s\u00e5 mycket som mellan 150 och 180 miljoner dollar f\u00f6rsta helgen. <\/p>\n<p>Omni \u00e4r politiskt obundna och oberoende. Vi str\u00e4var efter att ge fler perspektiv p\u00e5 nyheterna. Har du fr\u00e5gor eller synpunkter kring v\u00e5r rapportering? <a href=\"https:\/\/omni.se\/nya-wicked-filmen-slar-rekord-i-intakter\/a\/mailto:redaktion@omni.se\" class=\"ArticleActions_contactLink__W2F1M\" rel=\"nofollow noopener\" target=\"_blank\">Kontakta redaktionen<\/a><\/p>\n","protected":false},"excerpt":{"rendered":"\u201dWicked\u201d-uppf\u00f6ljaren \u201dWicked: For Good\u201d sl\u00e5r rekord i int\u00e4kter. Bara under f\u00f6rhandsvisningen p\u00e5 bio drog den in 30,8 miljoner&hellip;\n","protected":false},"author":2,"featured_media":87051,"comment_status":"","ping_status":"","sticky":false,"template":"","format":"standard","meta":{"footnotes":""},"categories":[67],"tags":[2956,104,168,34,31,33,32,30,105],"class_list":{"0":"post-87050","1":"post","2":"type-post","3":"status-publish","4":"format-standard","5":"has-post-thumbnail","7":"category-underhallning","8":"tag-ariana-grande","9":"tag-entertainment","10":"tag-film-tv","11":"tag-se","12":"tag-svenska","13":"tag-sverige","14":"tag-sweden","15":"tag-swedish","16":"tag-underhallning"},"share_on_mastodon":{"url":"https:\/\/pubeurope.com\/@se\/115593786384039331","error":""},"_links":{"self":[{"href":"https:\/\/www.europesays.com\/se\/wp-json\/wp\/v2\/posts\/87050","targetHints":{"allow":["GET"]}}],"collection":[{"href":"https:\/\/www.europesays.com\/se\/wp-json\/wp\/v2\/posts"}],"about":[{"href":"https:\/\/www.europesays.com\/se\/wp-json\/wp\/v2\/types\/post"}],"author":[{"embeddable":true,"href":"https:\/\/www.europesays.com\/se\/wp-json\/wp\/v2\/users\/2"}],"replies":[{"embeddable":true,"href":"https:\/\/www.europesays.com\/se\/wp-json\/wp\/v2\/comments?post=87050"}],"version-history":[{"count":0,"href":"https:\/\/www.europesays.com\/se\/wp-json\/wp\/v2\/posts\/87050\/revisions"}],"wp:featuredmedia":[{"embeddable":true,"href":"https:\/\/www.europesays.com\/se\/wp-json\/wp\/v2\/media\/87051"}],"wp:attachment":[{"href":"https:\/\/www.europesays.com\/se\/wp-json\/wp\/v2\/media?parent=87050"}],"wp:term":[{"taxonomy":"category","embeddable":true,"href":"https:\/\/www.europesays.com\/se\/wp-json\/wp\/v2\/categories?post=87050"},{"taxonomy":"post_tag","embeddable":true,"href":"https:\/\/www.europesays.com\/se\/wp-json\/wp\/v2\/tags?post=87050"}],"curies":[{"name":"wp","href":"https:\/\/api.w.org\/{rel}","templated":true}]}}