{"id":87052,"date":"2025-11-22T14:22:08","date_gmt":"2025-11-22T14:22:08","guid":{"rendered":"https:\/\/www.europesays.com\/se\/87052\/"},"modified":"2025-11-22T14:22:08","modified_gmt":"2025-11-22T14:22:08","slug":"micael-byden-och-linda-staaf-gifter-sig","status":"publish","type":"post","link":"https:\/\/www.europesays.com\/se\/87052\/","title":{"rendered":"Micael Byd\u00e9n och Linda Staaf gifter sig"},"content":{"rendered":"<p>Publicerad 22 nov 2025 kl 14.45Uppdaterad kl 15.13<\/p>\n<p>Sveriges tidigare \u00f6verbef\u00e4lhavare Micael Byd\u00e9n och Linda Staaf har gift sig.\u00a0<\/p>\n<p>I en vacker, intim ceremoni sa k\u00e4rleksparet ja till varandra i S\u00e4lens fj\u00e4llkyrka.\u00a0<\/p>\n<p>\u2013 Vi \u00e4r lyckliga, s\u00e4ger Micael Byd\u00e9n till Expressen.\u00a0<\/p>\n<p>Staaf och Byd\u00e9n gifter sig.<img   alt=\"\"\/><\/p>\n<p>Micael Byd\u00e9n och Linda Staaf.<\/p>\n<p>Foto: Tobias Andersson \/ Toby Photo<\/p>\n<p>\u00d6ppna bild i helsk\u00e4rm<\/p>\n<p><a href=\"https:\/\/www.expressen.se\/tagg\/person\/micael-byden\/\" class=\"\" rel=\"nofollow noopener\" target=\"_blank\">Micael Byd\u00e9n<\/a> och Linda Staaf, tidigare underr\u00e4ttelsechef p\u00e5 Noa, har varit ett par sedan 2022 och f\u00f6rlovade sig i januari f\u00f6rra \u00e5ret.\u00a0<\/p>\n<p>Nu sv\u00e4r de varandra evig trohet.\u00a0<\/p>\n<p>I Sveriges h\u00f6gst bel\u00e4gna kyrka, omgiven av ett vitt vinterlandskap p\u00e5 h\u00f6gfj\u00e4llet utv\u00e4xlar paret ringar och l\u00f6ften i S\u00e4lens fj\u00e4llkyrka p\u00e5 l\u00f6rdagseftermiddagen.\u00a0<\/p>\n<p>Ceremonin \u00e4r intim, bara ett dussintal g\u00e4ster n\u00e4rvarar.<\/p>\n<p><img loading=\"lazy\"   alt=\"\"\/><\/p>\n<p>Linda Staaf och Micael Byd\u00e9n har varit ett par sedan 2022.<\/p>\n<p>Foto: Tobias Andersson\/Toby Photo<\/p>\n<p>\u00d6ppna bild i helsk\u00e4rm<img loading=\"lazy\"   alt=\"\"\/><\/p>\n<p>Kyrkan \u00e4r Sveriges h\u00f6gst bel\u00e4gna.<\/p>\n<p>Foto: Tobias Andersson\/Toby Photo<\/p>\n<p>\u00d6ppna bild i helsk\u00e4rm<\/p>\n<p>Linda Staaf b\u00e4r en vacker vit brudkl\u00e4nning med ett spetsliv och bara axlar med en s\u00f6t liten cape med p\u00e4ls runt kanterna att ta p\u00e5 n\u00e4r de l\u00e4mnar kyrkan. I brudbuketten finns rosor blandat med gerbera.\u00a0<\/p>\n<p>Micael Byd\u00e9n har kostym, skjorta och slips med en stor vit ros i br\u00f6stfickan.\u00a0<\/p>\n<p>Till tonerna av psalm 767 \u201dM\u00f6t mig nu som du \u00e4r\u201d gick br\u00f6llopsparet fram l\u00e4ngst med altarg\u00e5ngen.\u00a0<\/p>\n<p>Ceremonin avslutades med \u201dTill man och kvinna\u201d, psalm 200.<\/p>\n<p>P\u00e5 fr\u00e5gan om paret \u00e4r lyckliga \u00e4r svaret givet.\u00a0<\/p>\n<p>\u2013 Ja, absolut, s\u00e4ger Byd\u00e9n.\u00a0<\/p>\n<p><img loading=\"lazy\"   alt=\"\"\/><\/p>\n<p>Paret i kyrkan.<\/p>\n<p>Foto: Tobias Andersson\/Toby Photo<\/p>\n<p>\u00d6ppna bild i helsk\u00e4rm<\/p>\n","protected":false},"excerpt":{"rendered":"Publicerad 22 nov 2025 kl 14.45Uppdaterad kl 15.13 Sveriges tidigare \u00f6verbef\u00e4lhavare Micael Byd\u00e9n och Linda Staaf har gift&hellip;\n","protected":false},"author":2,"featured_media":87053,"comment_status":"","ping_status":"","sticky":false,"template":"","format":"standard","meta":{"footnotes":""},"categories":[12],"tags":[22,23,26,27,17,21,24,25,28,29,15,16,9501,9500,18,34,154,31,33,32,30,19,547,20],"class_list":{"0":"post-87052","1":"post","2":"type-post","3":"status-publish","4":"format-standard","5":"has-post-thumbnail","7":"category-sverige","8":"tag-breaking-news","9":"tag-breakingnews","10":"tag-featured-news","11":"tag-featurednews","12":"tag-headlines","13":"tag-huvudnyheter","14":"tag-latest-news","15":"tag-latestnews","16":"tag-main-news","17":"tag-mainnews","18":"tag-news","19":"tag-nyheter","20":"tag-person-linda-staaf","21":"tag-person-micael-byden","22":"tag-rubriker","23":"tag-se","24":"tag-sections-sverige","25":"tag-svenska","26":"tag-sverige","27":"tag-sweden","28":"tag-swedish","29":"tag-top-stories","30":"tag-topic-karlek-relationer","31":"tag-topstories"},"share_on_mastodon":{"url":"https:\/\/pubeurope.com\/@se\/115593802377826586","error":""},"_links":{"self":[{"href":"https:\/\/www.europesays.com\/se\/wp-json\/wp\/v2\/posts\/87052","targetHints":{"allow":["GET"]}}],"collection":[{"href":"https:\/\/www.europesays.com\/se\/wp-json\/wp\/v2\/posts"}],"about":[{"href":"https:\/\/www.europesays.com\/se\/wp-json\/wp\/v2\/types\/post"}],"author":[{"embeddable":true,"href":"https:\/\/www.europesays.com\/se\/wp-json\/wp\/v2\/users\/2"}],"replies":[{"embeddable":true,"href":"https:\/\/www.europesays.com\/se\/wp-json\/wp\/v2\/comments?post=87052"}],"version-history":[{"count":0,"href":"https:\/\/www.europesays.com\/se\/wp-json\/wp\/v2\/posts\/87052\/revisions"}],"wp:featuredmedia":[{"embeddable":true,"href":"https:\/\/www.europesays.com\/se\/wp-json\/wp\/v2\/media\/87053"}],"wp:attachment":[{"href":"https:\/\/www.europesays.com\/se\/wp-json\/wp\/v2\/media?parent=87052"}],"wp:term":[{"taxonomy":"category","embeddable":true,"href":"https:\/\/www.europesays.com\/se\/wp-json\/wp\/v2\/categories?post=87052"},{"taxonomy":"post_tag","embeddable":true,"href":"https:\/\/www.europesays.com\/se\/wp-json\/wp\/v2\/tags?post=87052"}],"curies":[{"name":"wp","href":"https:\/\/api.w.org\/{rel}","templated":true}]}}