{"id":87054,"date":"2025-11-22T14:23:19","date_gmt":"2025-11-22T14:23:19","guid":{"rendered":"https:\/\/www.europesays.com\/se\/87054\/"},"modified":"2025-11-22T14:23:19","modified_gmt":"2025-11-22T14:23:19","slug":"32-doda-i-ternopil-fyra-dygns-raddningsarbete-i-ukraina","status":"publish","type":"post","link":"https:\/\/www.europesays.com\/se\/87054\/","title":{"rendered":"32 d\u00f6da i Ternopil \u2013 fyra dygns r\u00e4ddningsarbete i Ukraina"},"content":{"rendered":"<p><a data-test-tag=\"internal-link\" href=\"https:\/\/www.aftonbladet.se\/av\/joachim-kerpner\" class=\"hyperion-css-13ns1rr\" rel=\"nofollow noopener\" target=\"\" aria-label=\"Se alla artiklar av Joachim Kerpner\"><img decoding=\"async\" class=\"image-asset hyperion-css-n6kkq1\" data-test-tag=\"image-asset\" src=\"https:\/\/www.europesays.com\/se\/wp-content\/uploads\/2025\/11\/1763821395_312_d7e471f4-ed9a-4ee4-bb6c-07a92de2ad32\"  alt=\"\"  loading=\"lazy\" fetchpriority=\"auto\" style=\"aspect-ratio:1900 \/ 1900\"\/><\/a>share-arrowDela<\/p>\n<p>unsaveSpara<\/p>\n<p>expand-left<\/p>\n<p>helsk\u00e4rm<img decoding=\"async\" class=\"image-asset hyperion-css-u06ts1\" data-test-tag=\"image-asset\" src=\"https:\/\/www.europesays.com\/se\/wp-content\/uploads\/2025\/11\/5427c8a4-c3f1-4b60-83bf-1639b5a66a88\"  alt=\"Minnesplatsen vid 15 april-gatan i Ternopil.\"  loading=\"eager\" fetchpriority=\"high\" style=\"aspect-ratio:1612 \/ 1001\"\/>Minnesplatsen vid 15 april-gatan i Ternopil. Foto: Ternopils Stadsadministration<\/p>\n<p class=\"hyperion-css-1shl3oz\" data-test-tag=\"lead-text\">Alla eleverna p\u00e5 skolan gr\u00e5ter n\u00e4r de t\u00e4nker p\u00e5 Ruslan, 17.<\/p>\n<p class=\"hyperion-css-1shl3oz\" data-test-tag=\"lead-text\">\u2013 Det var en ovanligt sj\u00e4lvlysande kille. Jag vet inte hur jag ska hantera att han inte l\u00e4ngre lever, s\u00e4ger skolkuratorn Irina Onisjtjuk.<\/p>\n<p class=\"hyperion-css-1shl3oz\" data-test-tag=\"lead-text\">D\u00f6dssiffran efter den ryska attacken mot Ternopil forts\u00e4tter att stiga. Tidigt p\u00e5 l\u00f6rdagen hittades det 32:a d\u00f6dsoffret.<\/p>\n<ul class=\"hyperion-css-e9gx76\" data-test-tag=\"list\">\n<li class=\"hyperion-css-1d843yr\">En rysk robotattack mot Ternopil, Ukraina, d\u00f6dade 32 personer, inklusive sex barn, och skadade 94 andra.  Sju \u00e4r fortfarande saknade.<\/li>\n<li class=\"hyperion-css-1d843yr\">R\u00e4ddningsarbetare arbetar dygnet runt f\u00f6r att hantera f\u00f6r\u00f6delsen, och staden har h\u00e5llit tre dagars sorg \u00f6ver f\u00f6rlusten.  <\/li>\n<li class=\"hyperion-css-1d843yr\">Bland de d\u00f6da finns 17-\u00e5riga Ruslan Bobyk, vars d\u00f6d djupt ber\u00f6r hans skola.  <\/li>\n<\/ul>\n<p>L\u00e4s mer<\/p>\n<p class=\"hyperion-css-1v9qo5x\">I onsdags morse vid sjutiden l\u00e5g folk och sov, \u00e5t frukost och duschade i de b\u00e5da niov\u00e5ningshusen vid 15 april-gatan i ukrainska Ternopil.<\/p>\n<p class=\"hyperion-css-1v9qo5x\">D\u00e5 dundrade tv\u00e5 ryska kryssningsrobotar av typen X-101 in i vardagsmorgonen. Sex v\u00e5ningar i ena huset blev till grus och rasmassor, i det andra h\u00f6ghuset startade en kraftig brand.<\/p>\n<p class=\"hyperion-css-1v9qo5x\">Sedan dess har r\u00e4ddningsarbetet p\u00e5g\u00e5tt dygnet runt. Tidigt p\u00e5 l\u00f6rdagen hittades en d\u00f6d kvinna, och i g\u00e5r fredag \u00e5terfanns tre kroppar \u2013 en d\u00f6d vuxen och tv\u00e5 d\u00f6da barn. D\u00e4rmed \u00e4r facit hittills: 32 d\u00f6da, sju saknade, 94 skadade.<\/p>\n<p class=\"hyperion-css-1v9qo5x\">Robotattacken mot staden med drygt 200\u00a0000 inv\u00e5nare i v\u00e4stra Ukraina, 80 mil fr\u00e5n fronten, \u00e4r en av krigets d\u00f6dligaste sedan Rysslands storskaliga invasion inleddes 2022.<\/p>\n<p>expand-left<\/p>\n<p>helsk\u00e4rm<img decoding=\"async\" class=\"image-asset hyperion-css-u06ts1\" data-test-tag=\"image-asset\" src=\"https:\/\/www.europesays.com\/se\/wp-content\/uploads\/2025\/11\/8b166c70-ac53-493c-b553-d82a0a148391\"  alt=\"Niov\u00e5ningshuset i Ternopil drabbades av en omfattande brand n\u00e4r de ryska kryssningsrobotarna slog ner i onsdags morse.\"  loading=\"eager\" fetchpriority=\"high\" style=\"aspect-ratio:1256 \/ 844\"\/>Niov\u00e5ningshuset i Ternopil drabbades av en omfattande brand n\u00e4r de ryska kryssningsrobotarna slog ner i onsdags morse. Foto: Ukrainska R\u00e4ddningstj\u00e4nsten<\/p>\n<p class=\"hyperion-css-1v9qo5x\">Stadens borgm\u00e4stare proklamerade tre dagars sorg, och sedan dess har Ihor Tjerepanskij letat efter sin 86-\u00e5riga sl\u00e4kting vid niov\u00e5ningshusen:<\/p>\n<p class=\"hyperion-css-1v9qo5x\">\u2013 Jag kom norrifr\u00e5n. D\u00e4rifr\u00e5n s\u00e5g hennes hus ut att vara intakt. Jag trodde att hon hade tagit sig ut. Men n\u00e4r jag kom fram f\u00f6rstod jag att varken hon eller hennes l\u00e4genhet fanns kvar, s\u00e4ger Ihor till nyhetssajten Suspilne.<\/p>\n<p class=\"hyperion-css-1v9qo5x\">Tv\u00e5 g\u00e5nger har han redan varit p\u00e5 b\u00e5rhuset f\u00f6r att identifiera henne. Och tv\u00e5 g\u00e5nger har personalen visat honom den d\u00f6da grannfrun.<\/p>\n<p>chevron-leftf\u00f6reg\u00e5ende<\/p>\n<ul class=\"carousel-container-viewport\" style=\"transform:translate3d(0%, 0, 0)\">\n<li class=\"carousel-slide\" style=\"z-index:1;filter:none(1);padding-bottom:53.94736%\"><img decoding=\"async\" class=\"image-asset hyperion-css-u06ts1\" data-test-tag=\"image-asset\" src=\"https:\/\/www.europesays.com\/se\/wp-content\/uploads\/2025\/11\/f89f52c2-614f-48a0-8ce4-629fdcb0f8cf\"  alt=\"\"  fetchpriority=\"auto\" style=\"aspect-ratio:1900 \/ 1025\"\/><\/li>\n<li class=\"carousel-slide\" style=\"filter:none(0.3);padding-bottom:53.94736%\"><img decoding=\"async\" class=\"image-asset hyperion-css-u06ts1\" data-test-tag=\"image-asset\" src=\"https:\/\/www.europesays.com\/se\/wp-content\/uploads\/2025\/11\/0e94dbb6-adf9-4e17-8a07-ae98ce0eabb4\"  alt=\"\"  fetchpriority=\"auto\" style=\"aspect-ratio:1100 \/ 682\"\/><\/li>\n<\/ul>\n<p>expand-left<\/p>\n<p>helsk\u00e4rmchevron-rightn\u00e4staN\u00e5gra av leksakerna som lagts ner till minne av de d\u00f6da p\u00e5 katastrofplatsen.<\/p>\n<p>1 \/ 2Foto: Ternopils Stadsadministration<\/p>\n<p>\u201dVila i frid tillsammans med din pappa\u201d<\/p>\n<p class=\"hyperion-css-1v9qo5x\">Medan brandm\u00e4n och frivilliga forts\u00e4tter arbeta \u2013 hittills har de forslat bort 370 ton rasmassor \u2013 brinner ljus p\u00e5 platsen samtidigt som fotografier och gosedjur l\u00e4ggs ner av s\u00f6rjande, <a aria-label=\"enligt BBC\" class=\"default hyperion-css-15jkft9\" href=\"https:\/\/www.bbc.com\/russian\/articles\/cx2p29zy7lro\" rel=\"noopener nofollow noreferrer\" data-test-tag=\"external-link\" target=\"_blank\">enligt BBC<\/a>.<\/p>\n<p>chevron-leftf\u00f6reg\u00e5ende<\/p>\n<ul class=\"carousel-container-viewport\" style=\"transform:translate3d(0%, 0, 0)\">\n<li class=\"carousel-slide\" style=\"z-index:1;filter:none(1);padding-bottom:69.71608%\"><img decoding=\"async\" class=\"image-asset hyperion-css-u06ts1\" data-test-tag=\"image-asset\" src=\"https:\/\/www.europesays.com\/se\/wp-content\/uploads\/2025\/11\/4add9911-74c1-4786-b99d-5c58befccdd3\"  alt=\"\"  fetchpriority=\"auto\" style=\"aspect-ratio:951 \/ 663\"\/><\/li>\n<li class=\"carousel-slide\" style=\"filter:none(0.3);padding-bottom:69.71608%\"><img decoding=\"async\" class=\"image-asset hyperion-css-u06ts1\" data-test-tag=\"image-asset\" src=\"https:\/\/www.europesays.com\/se\/wp-content\/uploads\/2025\/11\/60e4a11d-a30f-4334-a0af-6245abfc981a\"  alt=\"\"  fetchpriority=\"auto\" style=\"aspect-ratio:716 \/ 502\"\/><\/li>\n<\/ul>\n<p>expand-left<\/p>\n<p>helsk\u00e4rmchevron-rightn\u00e4staOksana Tsjapalo dog i attacken.<\/p>\n<p>1 \/ 2Foto: Facebook-Sidan Ryssland D\u00f6dade Dem<\/p>\n<p class=\"hyperion-css-1v9qo5x\">En efter en har de d\u00f6das identiteter blivit k\u00e4nda, sedan v\u00e4nner, morm\u00f6drar, kollegor och tidningar publicerat deras namn och fotografier \u2013 ofta med brinnande stearinljus inkopierade i bilderna.<\/p>\n<p class=\"hyperion-css-1v9qo5x\">\u2013 Oksana, jag kan inte tro att det \u00e4r du. Vila i frid tillsammans med din pappa, skriver en v\u00e4n till Oksana Tsjapalo och pappan Ihor Neskljak.<\/p>\n<p>chevron-leftf\u00f6reg\u00e5ende<\/p>\n<ul class=\"carousel-container-viewport\" style=\"transform:translate3d(0%, 0, 0)\">\n<li class=\"carousel-slide\" style=\"z-index:1;filter:none(1);padding-bottom:72.26463%\"><img decoding=\"async\" class=\"image-asset hyperion-css-u06ts1\" data-test-tag=\"image-asset\" src=\"https:\/\/www.europesays.com\/se\/wp-content\/uploads\/2025\/11\/dea3b1e3-5271-43c2-bba0-aa7181851bde\"  alt=\"\"  fetchpriority=\"auto\" style=\"aspect-ratio:786 \/ 568\"\/><\/li>\n<li class=\"carousel-slide\" style=\"filter:none(0.3);padding-bottom:72.26463%\"><img decoding=\"async\" class=\"image-asset hyperion-css-u06ts1\" data-test-tag=\"image-asset\" src=\"https:\/\/www.europesays.com\/se\/wp-content\/uploads\/2025\/11\/67fad11d-a947-4c60-84fd-fe6b8923646f\"  alt=\"\"  fetchpriority=\"auto\" style=\"aspect-ratio:539 \/ 404\"\/><\/li>\n<\/ul>\n<p>expand-left<\/p>\n<p>helsk\u00e4rmchevron-rightn\u00e4staVitalij Dolinjak, 39, och sonen David, 5, dog i attacken.<\/p>\n<p>1 \/ 2Foto: Facebook<\/p>\n<p class=\"hyperion-css-1v9qo5x\">Kryssningsrobotarna d\u00f6dade sex barn. David, 5, omkom tillsammans med pappa Vitaly Dolinjak, 39. Storasystrarna Katja och Anja skadades och hamnade p\u00e5 sjukhus, liksom mamma Tatjana:<\/p>\n<p class=\"hyperion-css-1v9qo5x\">\u2013 Tv\u00e5 sm\u00e5 prinsessor har f\u00f6rlorat sin \u00e4lskade pappa. Han var hela deras universum, skriver Katjas och Anjas l\u00e4rare.<\/p>\n<p>expand-left<\/p>\n<p>helsk\u00e4rm<img decoding=\"async\" class=\"image-asset hyperion-css-u06ts1\" data-test-tag=\"image-asset\" src=\"https:\/\/www.europesays.com\/se\/wp-content\/uploads\/2025\/11\/bdebd98a-db9e-4407-bc6c-7eea8944116a\"  alt=\"Ruslan Bobyk, 17, dog i attacken.\"  loading=\"eager\" fetchpriority=\"high\" style=\"aspect-ratio:989 \/ 1151\"\/>Ruslan Bobyk, 17, dog i attacken. Foto: FacebookRuslan var en teknikn\u00f6rd som \u00e4lskade bilar<\/p>\n<p class=\"hyperion-css-1v9qo5x\">P\u00e5 17-\u00e5rige Ruslan Bobyks skola gr\u00e5ter alla eleverna, s\u00e4ger skolkuratorn som intervjuats av lokaltidningen 20 minuter.<\/p>\n<p class=\"hyperion-css-1v9qo5x\">Ruslan var en teknikn\u00f6rd som \u00e4lskade bilar och motorer, hade en massa v\u00e4nner och var levnadsglad och schysst mot alla.<\/p>\n<p class=\"hyperion-css-1v9qo5x\">\u2013 Han kom f\u00f6rbi varje dag och fr\u00e5gade alltid hur l\u00e4get var. Det var en ovanligt sj\u00e4lvlysande kille. Jag vet inte hur jag ska hantera att han inte l\u00e4ngre lever, s\u00e4ger skolkuratorn Irina Onisjtjuk.<\/p>\n<p class=\"hyperion-css-1v9qo5x\">Dog gjorde ocks\u00e5 Olga Bogatjuk, tv\u00e5barnspappan Jurij Bajko, fris\u00f6rskan Olena Unolt och studenten Andrij Vehera, 21.<\/p>\n<p>chevron-leftf\u00f6reg\u00e5endechevron-rightn\u00e4staJurij Bajko dog i attacken. Hans d\u00f6ttrar och hustrun \u00f6verlevde.<\/p>\n<p>1 \/ 7Foto: Facebook-Sidan Ryssland D\u00f6dade Dem<\/p>\n<p>FAKTAD\u00f6dligaste ryska attackerna mot civila i Ukraina sedan 2022<\/p>\n<p class=\"hyperion-css-jonaf8\">16 mars 2002: Omkring 600 m\u00e4nniskor dog n\u00e4r teatern i ukrainska Mariupol bombades.<\/p>\n<p class=\"hyperion-css-jonaf8\">8 april 2022: 61 m\u00e4nniskor dog n\u00e4r de skulle evakueras med t\u00e5g v\u00e4sterut fr\u00e5n Kramatorsk och j\u00e4rnv\u00e4gsstationen bombades.<\/p>\n<p class=\"hyperion-css-jonaf8\">14 januari 2023: 46 m\u00e4nniskor dog n\u00e4r en rysk X-22-robot tr\u00e4ffade ett niov\u00e5ningshus i Dnipro.<\/p>\n<p class=\"hyperion-css-jonaf8\">5 oktober 2023: 59 m\u00e4nniskor dog i Hroza n\u00e4r en Iskander-raket tr\u00e4ffade caf\u00e9et d\u00e4r de samlats f\u00f6r en minnesstund efter den d\u00f6de soldaten Andrej Kozyrs begravning.<\/p>\n<p class=\"hyperion-css-jonaf8\">9 juli 2022: 48 dog n\u00e4r ryska raketer tr\u00e4ffade tv\u00e5 femv\u00e5ningshus i Tjasiv Jar.<\/p>\n<p class=\"hyperion-css-jonaf8\">19 november 2025: 32 har hittills hittats d\u00f6da efter den ryska attacken mot Ternopil.<\/p>\n<p>L\u00e4s mer<\/p>\n","protected":false},"excerpt":{"rendered":"share-arrowDela unsaveSpara expand-left helsk\u00e4rmMinnesplatsen vid 15 april-gatan i Ternopil. Foto: Ternopils Stadsadministration Alla eleverna p\u00e5 skolan gr\u00e5ter n\u00e4r&hellip;\n","protected":false},"author":2,"featured_media":87055,"comment_status":"","ping_status":"","sticky":false,"template":"","format":"standard","meta":{"footnotes":""},"categories":[5],"tags":[22,23,26,27,17,21,24,25,28,29,15,16,18,34,31,33,32,30,19,20],"class_list":{"0":"post-87054","1":"post","2":"type-post","3":"status-publish","4":"format-standard","5":"has-post-thumbnail","7":"category-rubriker","8":"tag-breaking-news","9":"tag-breakingnews","10":"tag-featured-news","11":"tag-featurednews","12":"tag-headlines","13":"tag-huvudnyheter","14":"tag-latest-news","15":"tag-latestnews","16":"tag-main-news","17":"tag-mainnews","18":"tag-news","19":"tag-nyheter","20":"tag-rubriker","21":"tag-se","22":"tag-svenska","23":"tag-sverige","24":"tag-sweden","25":"tag-swedish","26":"tag-top-stories","27":"tag-topstories"},"share_on_mastodon":{"url":"https:\/\/pubeurope.com\/@se\/115593806538476068","error":""},"_links":{"self":[{"href":"https:\/\/www.europesays.com\/se\/wp-json\/wp\/v2\/posts\/87054","targetHints":{"allow":["GET"]}}],"collection":[{"href":"https:\/\/www.europesays.com\/se\/wp-json\/wp\/v2\/posts"}],"about":[{"href":"https:\/\/www.europesays.com\/se\/wp-json\/wp\/v2\/types\/post"}],"author":[{"embeddable":true,"href":"https:\/\/www.europesays.com\/se\/wp-json\/wp\/v2\/users\/2"}],"replies":[{"embeddable":true,"href":"https:\/\/www.europesays.com\/se\/wp-json\/wp\/v2\/comments?post=87054"}],"version-history":[{"count":0,"href":"https:\/\/www.europesays.com\/se\/wp-json\/wp\/v2\/posts\/87054\/revisions"}],"wp:featuredmedia":[{"embeddable":true,"href":"https:\/\/www.europesays.com\/se\/wp-json\/wp\/v2\/media\/87055"}],"wp:attachment":[{"href":"https:\/\/www.europesays.com\/se\/wp-json\/wp\/v2\/media?parent=87054"}],"wp:term":[{"taxonomy":"category","embeddable":true,"href":"https:\/\/www.europesays.com\/se\/wp-json\/wp\/v2\/categories?post=87054"},{"taxonomy":"post_tag","embeddable":true,"href":"https:\/\/www.europesays.com\/se\/wp-json\/wp\/v2\/tags?post=87054"}],"curies":[{"name":"wp","href":"https:\/\/api.w.org\/{rel}","templated":true}]}}