{"id":87056,"date":"2025-11-22T14:25:18","date_gmt":"2025-11-22T14:25:18","guid":{"rendered":"https:\/\/www.europesays.com\/se\/87056\/"},"modified":"2025-11-22T14:25:18","modified_gmt":"2025-11-22T14:25:18","slug":"ebba-andersson-vinner-premiaren-efter-sekunddrama-langdskidor","status":"publish","type":"post","link":"https:\/\/www.europesays.com\/se\/87056\/","title":{"rendered":"Ebba Andersson vinner premi\u00e4ren efter sekunddrama | L\u00e4ngdskidor"},"content":{"rendered":"<p>Publicerad 22 nov 2025 kl 13.03Uppdaterad kl 13.51<\/p>\n<p>Ebba Andersson, 28, vann i s\u00e4songspremi\u00e4ren. P\u00e5 tio kilometer klassiskt i G\u00e4llivare fick hon se sig aningen pressad av Moa Ilar som slutade 13,5 sekunder efter.<\/p>\n<p>\u2013 Godk\u00e4nt med ett plustecken, s\u00e4ger Andersson efter segern.<\/p>\n<p><img loading=\"lazy\"   alt=\"\"\/><\/p>\n<p>Ebba Andersson<\/p>\n<p>Foto: Ulf Palm\/TT \/ TT NYHETSBYR\u00c5N \/ ULF PALM FALUN<\/p>\n<p>\u00d6ppna bild i helsk\u00e4rm<img loading=\"lazy\"   alt=\"\"\/><\/p>\n<p>Moa Ilar<\/p>\n<p>Foto: MAXIM THORE \/ BILDBYR\u00c5N<\/p>\n<p>\u00d6ppna bild i helsk\u00e4rm<img loading=\"lazy\"   alt=\"\"\/> <\/p>\n<p>Foto: Ulf Palm\/TT \/ TT NYHETSBYR\u00c5N \/ FOTOGRAF ULF palm<\/p>\n<p>\u00d6ppna bild i helsk\u00e4rm<\/p>\n<p><a href=\"https:\/\/www.expressen.se\/sport\/langdskidor\/stjarnorna-star-over-lordagens-lopp-i-gallivare\/\" rel=\"nofollow noopener\" target=\"_blank\">M\u00e5nga stora namn saknades<\/a> i sp\u00e5ren i G\u00e4llivare, d\u00e4ribland Frida Karlsson, Maja Dahlquist och Jonna Sundling. D\u00e4remot innebar loppet s\u00e4songsdebut f\u00f6r <a href=\"https:\/\/www.expressen.se\/tagg\/person\/ebba-andersson\/\" class=\"\" rel=\"nofollow noopener\" target=\"_blank\">Ebba Andersson<\/a>, som stod \u00f6ver g\u00e5rdagens sprint. Och precis som under VM i Trondheim i mars tog hon hem segern p\u00e5 distansen.<\/p>\n<p>\u2013 Det \u00e4r godk\u00e4nt med ett plustecken. Det var ett stabilt och bra lopp. Jag \u00e4r v\u00e4ldigt n\u00f6jd, framf\u00f6r allt n\u00e4r det var en s\u00e5 pass bra kamp med Moa (Ilar) d\u00e4r ute i dag.<\/p>\n<p><strong>Vad fick du f\u00f6r svar?<\/strong><\/p>\n<p>\u2013 Att det finns energi i \u00e5kningen och att jag lyckas disponera krafterna v\u00e4l.<\/p>\n<p>Ilar imponerade<\/p>\n<p>Den enda som kunde konkurrera med Andersson i sp\u00e5ret var Moa Ilar som efter halva loppet bara var drygt tv\u00e5 sekunder efter. Avst\u00e5ndet v\u00e4xte emellertid och i m\u00e5l var hon drygt 13 sekunder efter Andersson.<\/p>\n<p>\u2013 Jag \u00e4r j\u00e4tten\u00f6jd, jag \u00e4lskar att t\u00e4vla h\u00e4r. Det g\u00e5r ofta bra. Ett j\u00e4tte- j\u00e4ttebra lopp fr\u00e5n b\u00f6rjan till slut, s\u00e4ger Ilar.<\/p>\n<p><strong>Hur sk\u00f6nt var det d\u00e4r?<\/strong><\/p>\n<p>\u2013 J\u00e4ttesk\u00f6nt, det \u00e4r sk\u00f6nt att f\u00e5 ett bra kvitto p\u00e5 att mycket st\u00e4mmer. Det \u00e4r alltid nerv\u00f6st innan premi\u00e4ren, och veta var man st\u00e5r, men det h\u00e4r var v\u00e4ldigt sk\u00f6nt.<\/p>\n<p>Bakom den svenska duon i toppen \u00e5kte schweiziskan Nadine F\u00e4hndrich in p\u00e5 en tredjeplats \u2013 samma placering som hon fick under fredagens sprint.\u00a0<\/p>\n","protected":false},"excerpt":{"rendered":"Publicerad 22 nov 2025 kl 13.03Uppdaterad kl 13.51 Ebba Andersson, 28, vann i s\u00e4songspremi\u00e4ren. P\u00e5 tio kilometer klassiskt&hellip;\n","protected":false},"author":2,"featured_media":87057,"comment_status":"","ping_status":"","sticky":false,"template":"","format":"standard","meta":{"footnotes":""},"categories":[68],"tags":[4140,9502,34,857,111,110,31,33,32,30],"class_list":{"0":"post-87056","1":"post","2":"type-post","3":"status-publish","4":"format-standard","5":"has-post-thumbnail","7":"category-sport","8":"tag-person-ebba-andersson","9":"tag-person-moa-ilar","10":"tag-se","11":"tag-sections-langdskidor","12":"tag-sport","13":"tag-sports","14":"tag-svenska","15":"tag-sverige","16":"tag-sweden","17":"tag-swedish"},"share_on_mastodon":{"url":"https:\/\/pubeurope.com\/@se\/115593813942924032","error":""},"_links":{"self":[{"href":"https:\/\/www.europesays.com\/se\/wp-json\/wp\/v2\/posts\/87056","targetHints":{"allow":["GET"]}}],"collection":[{"href":"https:\/\/www.europesays.com\/se\/wp-json\/wp\/v2\/posts"}],"about":[{"href":"https:\/\/www.europesays.com\/se\/wp-json\/wp\/v2\/types\/post"}],"author":[{"embeddable":true,"href":"https:\/\/www.europesays.com\/se\/wp-json\/wp\/v2\/users\/2"}],"replies":[{"embeddable":true,"href":"https:\/\/www.europesays.com\/se\/wp-json\/wp\/v2\/comments?post=87056"}],"version-history":[{"count":0,"href":"https:\/\/www.europesays.com\/se\/wp-json\/wp\/v2\/posts\/87056\/revisions"}],"wp:featuredmedia":[{"embeddable":true,"href":"https:\/\/www.europesays.com\/se\/wp-json\/wp\/v2\/media\/87057"}],"wp:attachment":[{"href":"https:\/\/www.europesays.com\/se\/wp-json\/wp\/v2\/media?parent=87056"}],"wp:term":[{"taxonomy":"category","embeddable":true,"href":"https:\/\/www.europesays.com\/se\/wp-json\/wp\/v2\/categories?post=87056"},{"taxonomy":"post_tag","embeddable":true,"href":"https:\/\/www.europesays.com\/se\/wp-json\/wp\/v2\/tags?post=87056"}],"curies":[{"name":"wp","href":"https:\/\/api.w.org\/{rel}","templated":true}]}}