{"id":87060,"date":"2025-11-22T14:30:11","date_gmt":"2025-11-22T14:30:11","guid":{"rendered":"https:\/\/www.europesays.com\/se\/87060\/"},"modified":"2025-11-22T14:30:11","modified_gmt":"2025-11-22T14:30:11","slug":"sd-vill-ha-nollvision-motsexuella-barnovergrepp","status":"publish","type":"post","link":"https:\/\/www.europesays.com\/se\/87060\/","title":{"rendered":"SD vill ha nollvision mot\nsexuella barn\u00f6vergrepp"},"content":{"rendered":"<p><a class=\"wing-tag\" href=\"https:\/\/www.expressen.se\/om\/val-2026\/\" rel=\"nofollow noopener\" target=\"_blank\">Val 2026<\/a><\/p>\n<p>Publicerad 22 nov 2025 kl 12.13Uppdaterad kl 15.29<\/p>\n<p>Sverigedemokraterna har landsdagar och de vill se en nollvision mot sexuella \u00f6vergrepp p\u00e5 barn \u2013 och kommer g\u00e5 till val p\u00e5 kastrering f\u00f6r pedofiler.<\/p>\n<p>Det s\u00e4ger partiledaren Jimmie \u00c5kesson.\u00a0<\/p>\n<p>\u2013 Inte ett enda barn ska f\u00e5 sina liv f\u00f6rst\u00f6rda av dessa vidriga rovdjur.\u00a0<\/p>\n<p>Senaste nyhetsklippen fr\u00e5n Expressen.<img   alt=\"\"\/><\/p>\n<p>Jimmie \u00c5kesson p\u00e5 Sverigedemokraternas landsdagar.<\/p>\n<p>Foto: SVEN LINDWALL<\/p>\n<p>\u00d6ppna bild i helsk\u00e4rm<img loading=\"lazy\"   alt=\"\"\/><\/p>\n<p>Jimmie \u00c5kesson intervjuas av Expressens Anette Holmqvist.<\/p>\n<p>Foto: SVEN LINDWALL<\/p>\n<p>\u00d6ppna bild i helsk\u00e4rm<\/p>\n<p>Sverigedemokraterna \u00e4r i full f\u00e4rd med att best\u00e4mma den politik som ska f\u00f6ras under valr\u00f6relsen. P\u00e5 partiets landsdagar i \u00d6rebro diskuteras v\u00e4gen fram\u00e5t och partistyrelsen v\u00e4ljs.\u00a0<\/p>\n<p>Under l\u00f6rdagseftermiddagen gick <a href=\"https:\/\/www.expressen.se\/tagg\/person\/jimmie-akesson\/\" class=\"\" rel=\"nofollow noopener\" target=\"_blank\">Jimmie \u00c5kesson<\/a> upp p\u00e5 scenen f\u00f6r att tala. Han ber\u00f6rde partiets k\u00e4rnfr\u00e5gor om invandring och svensk kultur.\u00a0<\/p>\n<p>\u2013 Vi ska \u00e5terskapa ett tryggt, fritt och svenskt Sverige. Ett tryggt, fritt och svenskt Sverige utan g\u00e4ngv\u00e5ld, utan klanv\u00e4lde, utan hedersmord, utan islamism, utan muslimska b\u00f6neutrop och utan fr\u00e4mmande krig och konflikter p\u00e5 v\u00e5ra gator, s\u00e4ger han.\u00a0<\/p>\n<p>Han s\u00e4ger att partiet vill se en nolltolerans mot sexuella \u00f6vergrepp p\u00e5 barn. Partiet vision \u00e4r att inte ett enda barn ska f\u00e5 sina liv f\u00f6rst\u00f6rda av pedofiler.\u00a0<\/p>\n<p>\u2013 Ett tryggt och s\u00e4kert Sverige\/&#8230;\/ d\u00e4r pedofiler jagas och s\u00e4ttas bakom l\u00e5s och bom, s\u00e4ger \u00c5kesson i sitt tal.<\/p>\n<p>Vill ha nollvision<\/p>\n<p>Fr\u00e5gan om en nollvision kommer ur ett arbete som SD:s ledam\u00f6ter i justitieutskottet gjort. Partiet kommer att driva fr\u00e5gan inom Tid\u00f6samarbetet.<\/p>\n<p>\u2013\u00a0Vi ska se till att f\u00e5 till s\u00e5 mycket \u00e5tg\u00e4rder p\u00e5 plats som m\u00f6jligt f\u00f6r att s\u00e5 f\u00e5 barn som m\u00f6jligt ska drabbas, s\u00e4ger Pontus Andersson Garpvall, SD-ledamot i justitieutskottet som jobbat med fr\u00e5gorna.<\/p>\n<p>\u2013\u00a0Precis som man har en nollvision i trafiken om att trafikolyckorna ska ner till noll s\u00e5 ska vi se till att ha en nollvision f\u00f6r att s\u00e5 f\u00e5 barn som m\u00f6jligt ska drabbas.<\/p>\n<p>Nollvisionen ing\u00e5r i det \u00f6kade fokus p\u00e5 barnsexbrott som SD vill se.<\/p>\n<p>F\u00f6respr\u00e5kar en lex Dumpen<\/p>\n<p>En del i det \u00e4r den nya lagstiftning d\u00e4r det ska bli kriminellt att kontakta barn i sexuellt syfte, vilket har kallats lex Dumpen, och som inf\u00f6rs den f\u00f6rsta april n\u00e4sta \u00e5r. En annan del \u00e4r att SD ocks\u00e5 vill se ett offentligt register \u00f6ver barnsexbrottslingar, d\u00e4r brotten aldrig ska f\u00f6rsvinna.<\/p>\n<p>Enligt Andersson Garpvall \u00e4r syftet att barn ska skyddas och fler d\u00f6mas.<\/p>\n<p>\u2013\u00a0Effekterna kommer vara att f\u00e4rre barn drabbas. Det \u00e4r det allra viktigaste. Men de kriminalpolitiska f\u00f6ljderna, att betydligt fler m\u00e4n ska d\u00f6mas och d\u00f6mas till h\u00e5rdare straff \u00e4n nu, \u00e4r ocks\u00e5 mycket viktigt.<\/p>\n<p>Jimmie \u00c5kesson s\u00e4ger att SD kommer att driva fr\u00e5gorna i valr\u00f6relsen. Han lyfter bland annat kravet p\u00e5 kemisk kastrering f\u00f6re frigivning f\u00f6r pedofiler, en fr\u00e5ga han \u00e4ven tidigare framh\u00e5llit.\u00a0<\/p>\n<p>\u2013\u00a0Man kan t\u00e4nka sig ocks\u00e5 andra ingrepp, som en frivillig \u00e5tg\u00e4rd till exempel, om det \u00e4r s\u00e5 att man vill kunna sl\u00e4ppas ut igen.\u00a0<\/p>\n<p>\u2013\u00a0Man vet att risken f\u00f6r att de ska beg\u00e5 liknande brott igen \u00e4r v\u00e4ldigt h\u00f6g, s\u00e4ger \u00c5kesson.<\/p>\n","protected":false},"excerpt":{"rendered":"Val 2026 Publicerad 22 nov 2025 kl 12.13Uppdaterad kl 15.29 Sverigedemokraterna har landsdagar och de vill se en&hellip;\n","protected":false},"author":2,"featured_media":87061,"comment_status":"","ping_status":"","sticky":false,"template":"","format":"standard","meta":{"footnotes":""},"categories":[12],"tags":[22,23,26,27,17,21,24,25,28,29,15,3464,16,38,944,18,34,154,31,33,32,30,19,152,1242,20],"class_list":{"0":"post-87060","1":"post","2":"type-post","3":"status-publish","4":"format-standard","5":"has-post-thumbnail","7":"category-sverige","8":"tag-breaking-news","9":"tag-breakingnews","10":"tag-featured-news","11":"tag-featurednews","12":"tag-headlines","13":"tag-huvudnyheter","14":"tag-latest-news","15":"tag-latestnews","16":"tag-main-news","17":"tag-mainnews","18":"tag-news","19":"tag-newsstory-val-2026","20":"tag-nyheter","21":"tag-organization-sverigedemokraterna","22":"tag-person-jimmie-akesson","23":"tag-rubriker","24":"tag-se","25":"tag-sections-sverige","26":"tag-svenska","27":"tag-sverige","28":"tag-sweden","29":"tag-swedish","30":"tag-top-stories","31":"tag-topic-inrikespolitik","32":"tag-topic-sexualbrott","33":"tag-topstories"},"share_on_mastodon":{"url":"https:\/\/pubeurope.com\/@se\/115593833616872486","error":""},"_links":{"self":[{"href":"https:\/\/www.europesays.com\/se\/wp-json\/wp\/v2\/posts\/87060","targetHints":{"allow":["GET"]}}],"collection":[{"href":"https:\/\/www.europesays.com\/se\/wp-json\/wp\/v2\/posts"}],"about":[{"href":"https:\/\/www.europesays.com\/se\/wp-json\/wp\/v2\/types\/post"}],"author":[{"embeddable":true,"href":"https:\/\/www.europesays.com\/se\/wp-json\/wp\/v2\/users\/2"}],"replies":[{"embeddable":true,"href":"https:\/\/www.europesays.com\/se\/wp-json\/wp\/v2\/comments?post=87060"}],"version-history":[{"count":0,"href":"https:\/\/www.europesays.com\/se\/wp-json\/wp\/v2\/posts\/87060\/revisions"}],"wp:featuredmedia":[{"embeddable":true,"href":"https:\/\/www.europesays.com\/se\/wp-json\/wp\/v2\/media\/87061"}],"wp:attachment":[{"href":"https:\/\/www.europesays.com\/se\/wp-json\/wp\/v2\/media?parent=87060"}],"wp:term":[{"taxonomy":"category","embeddable":true,"href":"https:\/\/www.europesays.com\/se\/wp-json\/wp\/v2\/categories?post=87060"},{"taxonomy":"post_tag","embeddable":true,"href":"https:\/\/www.europesays.com\/se\/wp-json\/wp\/v2\/tags?post=87060"}],"curies":[{"name":"wp","href":"https:\/\/api.w.org\/{rel}","templated":true}]}}