{"id":87062,"date":"2025-11-22T14:31:28","date_gmt":"2025-11-22T14:31:28","guid":{"rendered":"https:\/\/www.europesays.com\/se\/87062\/"},"modified":"2025-11-22T14:31:28","modified_gmt":"2025-11-22T14:31:28","slug":"flicka-skars-i-underlivet-mamma-och-pappa-atalas","status":"publish","type":"post","link":"https:\/\/www.europesays.com\/se\/87062\/","title":{"rendered":"Flicka skars i underlivet \u2013 mamma och pappa \u00e5talas"},"content":{"rendered":"<p>Publicerad 21 nov 2025 kl 20.05<\/p>\n<p>Ett f\u00f6r\u00e4ldrapar \u00e5talas f\u00f6r att ha skurit upp tre s\u00e5r i sin sju\u00e5riga dotters underliv.<\/p>\n<p>Flickan skadades sv\u00e5rt och det var fara f\u00f6r hennes liv, enligt \u00e5talet.<\/p>\n<p>Hon har sagt att det h\u00e4nde p\u00e5 en madrass i en mosk\u00e9 och polisen har utrett om hon k\u00f6nsstympats.<\/p>\n<p>De \u00e5talas dock inte f\u00f6r k\u00f6nsstympning, utan f\u00f6r synnerligen grov misshandel.<\/p>\n<p>Nyheter, reportage och analyser i Sverige och i \u00f6vriga v\u00e4rlden.<img   alt=\"\"\/><\/p>\n<p>F\u00f6r\u00e4ldrarna \u00e5talas f\u00f6r synnerligen grov misshandel.<\/p>\n<p>Foto: ERIK SIMANDER<\/p>\n<p>\u00d6ppna bild i helsk\u00e4rm<\/p>\n<p>Sommaren 2022 kom den lilla flickan in till sjukhuset med kraftiga bl\u00f6dningar i underlivet. L\u00e4karna bed\u00f6mde att hon f\u00f6rlorat cirka en halv liter blod och kunde ha d\u00f6tt om hon inte f\u00e5tt v\u00e5rd i tid.<\/p>\n<p>I polisf\u00f6rh\u00f6r sa flickan att hon ramlat med cykeln och hamnat p\u00e5 ramen, vilket l\u00e4karna p\u00e5 R\u00e4ttsmedicinalverket bed\u00f6mde som helt osannolikt, d\u00e5 hon hade tre parallella sk\u00e4rskador i fr\u00e4mre slidv\u00e4ggen.<\/p>\n<p>ARTIKELN I KORTHET<\/p>\n<p> En pappa och en mamma \u00e5talas f\u00f6r att ha skurit upp tre s\u00e5r i sin sju\u00e5riga dotters underliv. \u00c4ven en kvinnlig bekant till familjen \u00e5talas f\u00f6r brottet, som rubriceras som synnerligen grov misshandel. Alla f\u00f6rnekar brott.<\/p>\n<p> Flickan bl\u00f6dde kraftigt och hade kunnat d\u00f6 om hon inte f\u00e5tt v\u00e5rd, enligt l\u00e4karna.<\/p>\n<p> Hon har sagt att hon blev sydd i underlivet av mamman och den bekanta kvinnan i en mosk\u00e9. Misstankar om k\u00f6nsstympning har utretts men \u00e5tal v\u00e4cks inte p\u00e5 den rubriceringen.\u00a0<\/p>\n<p>Visa mer<\/p>\n<p>Flickan och hennes \u00e4ldre syster omh\u00e4ndertogs med st\u00f6d av lagen om v\u00e5rd av unga.<\/p>\n<p>H\u00f6sten 2024 f\u00f6rh\u00f6rdes flickan p\u00e5 nytt. Hon h\u00f6ll fast vid att det varit en cykelolycka, men beskrev ocks\u00e5 en tidigare h\u00e4ndelse.<\/p>\n<p>Flickan ber\u00e4ttade att hon \u00e5kt till mosk\u00e9n i sin hemstad med sin mamma och pappa. N\u00e5gra av f\u00f6r\u00e4ldrarnas kompisar kom ocks\u00e5 dit, och hon fick l\u00e4gga sig p\u00e5 en madrass. Hennes mamma och en annan kvinna sydde henne i underlivet, ber\u00e4ttade hon.<\/p>\n<p>\u2013 Jag s\u00e5g lite men sen b\u00f6rjade det g\u00f6ra ont och d\u00e5 b\u00f6rjade jag skrika och d\u00e5 lade de droger p\u00e5 mig tror jag.<\/p>\n<p>F\u00f6rnekar brott<\/p>\n<p>Mamman, pappan och den kvinna som uppges ha varit med i mosk\u00e9n har nu \u00e5talats f\u00f6r synnerligen grov misshandel \u2013 ett brott som ger mellan fem och tio \u00e5rs f\u00e4ngelse.<\/p>\n<p>Mamman \u00e5talas \u00e4ven f\u00f6r att ha slagit ett annat av sina barn med en slev. Pappan \u00e5talas f\u00f6r att ha puttat och sparkat ett av barnen och sparkat omkull ett annat.<\/p>\n<p>\u00c5klagaren har beg\u00e4rt att pappan och den andra kvinnan ska utvisas till Somalia med 15 \u00e5rs \u00e5terresef\u00f6rbud. Mamman \u00e4r medborgare i b\u00e5de Somalia och Sverige och kan inte utvisas.<\/p>\n<p>De tilltalade f\u00f6rnekar brott. Mannens f\u00f6rsvarsadvokat har tagit in en yttrande fr\u00e5n en specialistl\u00e4kare i r\u00e4ttsmedicin p\u00e5 ett privat f\u00f6retag.<\/p>\n<p>Hon beskriver flickans s\u00e5r som \u201dkross\u00e5r\u201d och bed\u00f6mer att de uppkommit n\u00e4r \u201dslidans mjukdelar har kommit i kl\u00e4m mellan en del av den i utredningsunderlaget aktuella cykeln och delar av b\u00e4ckenbenen\u201d.<\/p>\n<p>Advokaten \u00e5beropar \u00e4ven ett yttrande fr\u00e5n en professor i kvinnoh\u00e4lsov\u00e5rd som skriver att en \u201detnicitetsneutral pr\u00f6vning gynnar olycksf\u00f6rklaringens rimlighet\u201d.<\/p>\n<p>F\u00e5 \u00e5tal f\u00f6r k\u00f6nsstympning<\/p>\n<p>R\u00e4ttsmedicinalverkets expert st\u00e5r dock fast vid sina slutsatser:<\/p>\n<p>\u201dSkador av den typ som beskrivs kan inte uppkomma genom trubbigt v\u00e5ld s\u00e5som vid en grensling\u201d, skriver hon.<\/p>\n<p>Skadornas placering talar strakt f\u00f6r att de uppkommit \u201dtill f\u00f6ljd av sk\u00e4rande skarpt v\u00e5ld med eggvasst f\u00f6rem\u00e5l orsakat av annan person\u201d.<\/p>\n<p>Det finns en s\u00e4rskild lag mot k\u00f6nsstympning mot kvinnor, men den \u00e5beropas inte i det h\u00e4r fallet.<\/p>\n<p>\u201dHuruvida det skett i en mer rituell kontext kan inte bed\u00f6mas med samma s\u00e4kerhet utan h\u00e4r har en beskriven metod tagits upp f\u00f6r att beskriva att det kan f\u00f6rekomma\u201d, skriver R\u00e4ttsmedicinalverkets expert.<\/p>\n<p>\u00c5klagarmyndigheten fann i en genomg\u00e5ng \u00e5r 2023 att bara fem \u00e5tal f\u00f6r k\u00f6nsstympning har v\u00e4ckts under de 40 \u00e5r som lagen har funnits. Det fr\u00e4msta sk\u00e4let uppges vara bevissv\u00e5righeter.<\/p>\n<p>Expressen s\u00f6ker \u00e5klagaren.\u00a0<\/p>\n","protected":false},"excerpt":{"rendered":"Publicerad 21 nov 2025 kl 20.05 Ett f\u00f6r\u00e4ldrapar \u00e5talas f\u00f6r att ha skurit upp tre s\u00e5r i sin&hellip;\n","protected":false},"author":2,"featured_media":87063,"comment_status":"","ping_status":"","sticky":false,"template":"","format":"standard","meta":{"footnotes":""},"categories":[5],"tags":[22,23,26,27,17,21,24,25,28,29,15,16,1439,18,34,154,31,33,32,30,19,20],"class_list":{"0":"post-87062","1":"post","2":"type-post","3":"status-publish","4":"format-standard","5":"has-post-thumbnail","7":"category-rubriker","8":"tag-breaking-news","9":"tag-breakingnews","10":"tag-featured-news","11":"tag-featurednews","12":"tag-headlines","13":"tag-huvudnyheter","14":"tag-latest-news","15":"tag-latestnews","16":"tag-main-news","17":"tag-mainnews","18":"tag-news","19":"tag-nyheter","20":"tag-organization-aklagarmyndigheten","21":"tag-rubriker","22":"tag-se","23":"tag-sections-sverige","24":"tag-svenska","25":"tag-sverige","26":"tag-sweden","27":"tag-swedish","28":"tag-top-stories","29":"tag-topstories"},"share_on_mastodon":{"url":"https:\/\/pubeurope.com\/@se\/115593837480171630","error":""},"_links":{"self":[{"href":"https:\/\/www.europesays.com\/se\/wp-json\/wp\/v2\/posts\/87062","targetHints":{"allow":["GET"]}}],"collection":[{"href":"https:\/\/www.europesays.com\/se\/wp-json\/wp\/v2\/posts"}],"about":[{"href":"https:\/\/www.europesays.com\/se\/wp-json\/wp\/v2\/types\/post"}],"author":[{"embeddable":true,"href":"https:\/\/www.europesays.com\/se\/wp-json\/wp\/v2\/users\/2"}],"replies":[{"embeddable":true,"href":"https:\/\/www.europesays.com\/se\/wp-json\/wp\/v2\/comments?post=87062"}],"version-history":[{"count":0,"href":"https:\/\/www.europesays.com\/se\/wp-json\/wp\/v2\/posts\/87062\/revisions"}],"wp:featuredmedia":[{"embeddable":true,"href":"https:\/\/www.europesays.com\/se\/wp-json\/wp\/v2\/media\/87063"}],"wp:attachment":[{"href":"https:\/\/www.europesays.com\/se\/wp-json\/wp\/v2\/media?parent=87062"}],"wp:term":[{"taxonomy":"category","embeddable":true,"href":"https:\/\/www.europesays.com\/se\/wp-json\/wp\/v2\/categories?post=87062"},{"taxonomy":"post_tag","embeddable":true,"href":"https:\/\/www.europesays.com\/se\/wp-json\/wp\/v2\/tags?post=87062"}],"curies":[{"name":"wp","href":"https:\/\/api.w.org\/{rel}","templated":true}]}}