{"id":87066,"date":"2025-11-22T14:39:10","date_gmt":"2025-11-22T14:39:10","guid":{"rendered":"https:\/\/www.europesays.com\/se\/87066\/"},"modified":"2025-11-22T14:39:10","modified_gmt":"2025-11-22T14:39:10","slug":"barn-kidnappat-insats-pa-kastrup","status":"publish","type":"post","link":"https:\/\/www.europesays.com\/se\/87066\/","title":{"rendered":"Barn kidnappat \u2013 insats p\u00e5 Kastrup"},"content":{"rendered":"<p>share-arrowDela<\/p>\n<p>unsaveSpara<\/p>\n<p>expand-left<\/p>\n<p>helsk\u00e4rm<img decoding=\"async\" class=\"image-asset hyperion-css-u06ts1\" data-test-tag=\"image-asset\" src=\"https:\/\/www.europesays.com\/se\/wp-content\/uploads\/2025\/11\/c76af02b-8868-4bb9-bf3a-a11b18d7d53e\"  alt=\"En svensk flicka som misst\u00e4nks ha kidnappats har hittats p\u00e5 K\u00f6penhamns flygplats Kastrup, enligt Aftonbladets uppgifter. Arkivbild.\"  loading=\"eager\" fetchpriority=\"high\" style=\"aspect-ratio:1900 \/ 1220\"\/>En svensk flicka som misst\u00e4nks ha kidnappats har hittats p\u00e5 K\u00f6penhamns flygplats Kastrup, enligt Aftonbladets uppgifter. Arkivbild. Foto: Johan Nilsson \/ TT<\/p>\n<p class=\"hyperion-css-1shl3oz\" data-test-tag=\"lead-text\">En svensk flicka misst\u00e4nks ha blivit kidnappad och hittad av dansk polis p\u00e5 K\u00f6penhamns flygplats Kastrup, enligt uppgifter till Aftonbladet.<\/p>\n<p class=\"hyperion-css-1v9qo5x\">Polisen bekr\u00e4ftar f\u00f6r tidningen att man gjorde ett tillslag mot en bostad i s\u00f6dra Sverige vid 3-tiden p\u00e5 fredagsmorgonen, men ger inga kommentarer om vad det r\u00f6r sig om.<\/p>\n<p class=\"hyperion-css-1v9qo5x\">Enligt Aftonbladet ska personer ha brutit sig in i bostaden och under vapenhot h\u00e4mtat flickan. Dansk polis hittade henne sedan p\u00e5 flygplatsen tidigt p\u00e5 morgonen tillsammans med tv\u00e5 vuxna personer, d\u00e4r minst en var en n\u00e4ra anh\u00f6rig till flickan. De greps och skickades till Sverige. Varken dansk polis eller \u00e5klagare Lisa Hedberg som leder f\u00f6runders\u00f6kningen bekr\u00e4ftar uppgifterna.<\/p>\n<p class=\"hyperion-css-1v9qo5x\">\u2013 Jag kan inte kommentera uppgifterna \u00f6verhuvudtaget, s\u00e4ger Hedberg till Aftonbladet.<\/p>\n","protected":false},"excerpt":{"rendered":"share-arrowDela unsaveSpara expand-left helsk\u00e4rmEn svensk flicka som misst\u00e4nks ha kidnappats har hittats p\u00e5 K\u00f6penhamns flygplats Kastrup, enligt Aftonbladets&hellip;\n","protected":false},"author":2,"featured_media":87067,"comment_status":"","ping_status":"","sticky":false,"template":"","format":"standard","meta":{"footnotes":""},"categories":[12],"tags":[22,23,26,27,17,21,24,25,28,29,15,16,18,34,31,33,32,30,19,20],"class_list":{"0":"post-87066","1":"post","2":"type-post","3":"status-publish","4":"format-standard","5":"has-post-thumbnail","7":"category-sverige","8":"tag-breaking-news","9":"tag-breakingnews","10":"tag-featured-news","11":"tag-featurednews","12":"tag-headlines","13":"tag-huvudnyheter","14":"tag-latest-news","15":"tag-latestnews","16":"tag-main-news","17":"tag-mainnews","18":"tag-news","19":"tag-nyheter","20":"tag-rubriker","21":"tag-se","22":"tag-svenska","23":"tag-sverige","24":"tag-sweden","25":"tag-swedish","26":"tag-top-stories","27":"tag-topstories"},"share_on_mastodon":{"url":"https:\/\/pubeurope.com\/@se\/115593869227424783","error":""},"_links":{"self":[{"href":"https:\/\/www.europesays.com\/se\/wp-json\/wp\/v2\/posts\/87066","targetHints":{"allow":["GET"]}}],"collection":[{"href":"https:\/\/www.europesays.com\/se\/wp-json\/wp\/v2\/posts"}],"about":[{"href":"https:\/\/www.europesays.com\/se\/wp-json\/wp\/v2\/types\/post"}],"author":[{"embeddable":true,"href":"https:\/\/www.europesays.com\/se\/wp-json\/wp\/v2\/users\/2"}],"replies":[{"embeddable":true,"href":"https:\/\/www.europesays.com\/se\/wp-json\/wp\/v2\/comments?post=87066"}],"version-history":[{"count":0,"href":"https:\/\/www.europesays.com\/se\/wp-json\/wp\/v2\/posts\/87066\/revisions"}],"wp:featuredmedia":[{"embeddable":true,"href":"https:\/\/www.europesays.com\/se\/wp-json\/wp\/v2\/media\/87067"}],"wp:attachment":[{"href":"https:\/\/www.europesays.com\/se\/wp-json\/wp\/v2\/media?parent=87066"}],"wp:term":[{"taxonomy":"category","embeddable":true,"href":"https:\/\/www.europesays.com\/se\/wp-json\/wp\/v2\/categories?post=87066"},{"taxonomy":"post_tag","embeddable":true,"href":"https:\/\/www.europesays.com\/se\/wp-json\/wp\/v2\/tags?post=87066"}],"curies":[{"name":"wp","href":"https:\/\/api.w.org\/{rel}","templated":true}]}}