{"id":87068,"date":"2025-11-22T14:40:19","date_gmt":"2025-11-22T14:40:19","guid":{"rendered":"https:\/\/www.europesays.com\/se\/87068\/"},"modified":"2025-11-22T14:40:19","modified_gmt":"2025-11-22T14:40:19","slug":"alvar-myhlback-rasar-mot-viaplay-experten","status":"publish","type":"post","link":"https:\/\/www.europesays.com\/se\/87068\/","title":{"rendered":"Alvar Myhlback rasar mot Viaplay-experten"},"content":{"rendered":"<p><img decoding=\"async\" class=\"image-asset hyperion-css-n6kkq1\" data-test-tag=\"image-asset\" src=\"https:\/\/www.europesays.com\/se\/wp-content\/uploads\/2025\/11\/1763822415_738_0fe4a4f9-ff14-4ac8-9abc-4e04bf7ba698\"  alt=\"\"  loading=\"lazy\" fetchpriority=\"auto\" style=\"aspect-ratio:1900 \/ 1900\"\/><img decoding=\"async\" class=\"image-asset hyperion-css-n6kkq1\" data-test-tag=\"image-asset\" src=\"https:\/\/www.europesays.com\/se\/wp-content\/uploads\/2025\/11\/1763822417_450_be766d86-0a01-427b-a374-88c037ad4655\"  alt=\"\"  loading=\"lazy\" fetchpriority=\"auto\" style=\"aspect-ratio:1900 \/ 1900\"\/><\/p>\n<p class=\"boxtextgrotesk-root_baa6 hyperion-css-1w346fg\">Uppdaterad 12.53 | Publicerad 11.48<\/p>\n<p>share-arrowDela<\/p>\n<p>unsaveSpara<\/p>\n<p class=\"hyperion-css-1shl3oz\" data-test-tag=\"lead-text\">G\u00c4LLIVARE. \u201dT\u00e5get st\u00e5r p\u00e5 perrongen\u201d, s\u00e4ger Viaplays expert Johan Olsson. <\/p>\n<p class=\"hyperion-css-1shl3oz\" data-test-tag=\"lead-text\">Han menar att Alvar Myhlback m\u00e5ste best\u00e4mma sig f\u00f6r l\u00e5nglopp eller traditionell skid\u00e5kning. <\/p>\n<p class=\"hyperion-css-1shl3oz\" data-test-tag=\"lead-text\">\u2013 Det var j\u00e4vla sjukt sagt, s\u00e4ger 19-\u00e5ringen till Sportbladet. <\/p>\n<p><img decoding=\"async\" src=\"https:\/\/www.europesays.com\/se\/wp-content\/uploads\/2025\/11\/ca12f96cf863e8343077f204a38ef034.jpg\" class=\"thumbnail-image_fbfd thumbnail-portrait_fbfd\" alt=\"Myhlback: \u201dDet var j\u00e4vla sjukt sagt\u201d\"\/><\/p>\n<p>Myhlback: \u201dDet var j\u00e4vla sjukt sagt\u201d<\/p>\n<p>0:44<\/p>\n<p class=\"hyperion-css-1v9qo5x\">Han f\u00e5r fr\u00e5gan titt som t\u00e4tt \u2013 blir det l\u00e5nglopp och Ski Classics eller ska <a data-test-tag=\"internal-link\" href=\"https:\/\/www.aftonbladet.se\/tagg\/alvar-myhlback\" class=\"hyperion-css-15jkft9\" rel=\"nofollow noopener\" target=\"\" aria-label=\"Alvar Myhlback\" theme=\"sportbladet\">Alvar Myhlback<\/a> satsa p\u00e5 traditionell skid\u00e5kning? <\/p>\n<p class=\"hyperion-css-1v9qo5x\">Svaren har varit f\u00e5, och fr\u00e5gan \u00e4r om supertalangen sj\u00e4lv vet vad han vill. <\/p>\n<p class=\"hyperion-css-1v9qo5x\">Men Viaplays expert <a data-test-tag=\"internal-link\" href=\"https:\/\/www.aftonbladet.se\/tagg\/johan-olsson\" class=\"hyperion-css-15jkft9\" rel=\"nofollow noopener\" target=\"\" aria-label=\"Johan Olsson\" theme=\"sportbladet\">Johan Olsson<\/a> menar att ett beslut b\u00f6r ta snarast, och att t\u00e5get annars kommer b\u00f6rja g\u00e5. <\/p>\n<p class=\"hyperion-css-1v9qo5x\">\u2013 T\u00e5get st\u00e5r p\u00e5 perrongen och v\u00e4ntar, s\u00e4ger han i Viaplays podcast \u201dUr sp\u00e5r\u201d. <\/p>\n<p class=\"hyperion-css-1v9qo5x\">Han forts\u00e4tter: <\/p>\n<p class=\"hyperion-css-1v9qo5x\">\u2013 Jag tror vi kommer f\u00e5 se honom i v\u00e4rldscupen innan stora l\u00e5ngloppen drar ig\u00e5ng. Den stora risken med Alvar \u00e4r att han befinner sig i en tr\u00e4ningsmilj\u00f6 riktad f\u00f6r att prestera i n\u00e5got helt annat \u00e4n hur det ser ut i v\u00e4rldscupcirkusen. <\/p>\n<p class=\"hyperion-css-1v9qo5x\">Det f\u00e5r 19-\u00e5ringen att rasa \u2013 och sl\u00e5 tillbaka mot experten. <\/p>\n<p class=\"hyperion-css-1v9qo5x\">\u2013 Det var j\u00e4vla sjukt sagt. Jag gillar inte att prata om min \u00e5lder, att s\u00e4ga att t\u00e5get g\u00e5r f\u00f6r en 19-\u00e5ring \u00e4r h\u00e5rt. De uttalar sig om saker de inte vet, och har ingen aning om hur jag tr\u00e4nar, och s\u00e5 d\u00e4r. Det var h\u00e5rda ord, samtidigt blir jag triggad av det. Det \u00e4r lite kul.<\/p>\n<p class=\"hyperion-css-1v9qo5x\"><strong>Du kommenterade med en t\u00e5g-emoji d\u00e4r?<\/strong><\/p>\n<p class=\"hyperion-css-1v9qo5x\">\u2013 Hehe, nu g\u00e5r t\u00e5get.<\/p>\n<p>\u201dTycker det \u00e4r roligare att leka runt&#8230;\u201d<\/p>\n<p class=\"hyperion-css-1v9qo5x\">Johan Olsson vill se att Myhlback g\u00f6r en satsning mot v\u00e4rldscupen och OS i vinter. Och han f\u00e5r medh\u00e5ll av Edvin Anger i sitt resonemang. <\/p>\n<p class=\"hyperion-css-1v9qo5x\">\u2013 Jag tycker han ska till Ruka. Men han verkar tycka det \u00e4r roligt att leka runt i Ski Classics, han f\u00e5r v\u00e4l g\u00f6ra det. <\/p>\n<p class=\"hyperion-css-1v9qo5x\"><strong>F\u00f6rs\u00f6ker du \u00f6vertala honom?<\/strong><\/p>\n<p class=\"hyperion-css-1v9qo5x\">\u2013 Det har jag f\u00f6rs\u00f6kt g\u00f6ra i fyra \u00e5r. Om han tycker det \u00e4r roligare i Ski Classics f\u00e5r han leka d\u00e4r. D\u00e5 f\u00e5r han spara riktiga skid\u00e5kningen till n\u00e5got \u00e5r fram\u00f6ver d\u00e5 han best\u00e4mmer sig f\u00f6r att sluta \u00e5ka runt d\u00e4r.<\/p>\n<p class=\"hyperion-css-1v9qo5x\"><strong>T\u00e5get b\u00f6rjar g\u00e5?<\/strong><\/p>\n<p class=\"hyperion-css-1v9qo5x\">\u2013 Jag h\u00e5ller med om att han b\u00f6r best\u00e4mma sig inom ett till tv\u00e5 \u00e5r.\u00a0<\/p>\n<p>expand-left<\/p>\n<p>helsk\u00e4rm<img decoding=\"async\" class=\"image-asset hyperion-css-u06ts1\" data-test-tag=\"image-asset\" src=\"https:\/\/www.europesays.com\/se\/wp-content\/uploads\/2025\/11\/a98e169e-4991-416c-99c3-b2ec5ef9ca0d\"  alt=\"Johan Olsson.\"  loading=\"eager\" fetchpriority=\"high\" style=\"aspect-ratio:1900 \/ 1267\"\/>Johan Olsson. Foto: Maxim Thore \/ Bildbyr\u00e5n<\/p>\n","protected":false},"excerpt":{"rendered":"Uppdaterad 12.53 | Publicerad 11.48 share-arrowDela unsaveSpara G\u00c4LLIVARE. \u201dT\u00e5get st\u00e5r p\u00e5 perrongen\u201d, s\u00e4ger Viaplays expert Johan Olsson. Han&hellip;\n","protected":false},"author":2,"featured_media":87069,"comment_status":"","ping_status":"","sticky":false,"template":"","format":"standard","meta":{"footnotes":""},"categories":[5],"tags":[22,23,26,27,17,21,24,25,28,29,15,16,18,34,31,33,32,30,19,20],"class_list":{"0":"post-87068","1":"post","2":"type-post","3":"status-publish","4":"format-standard","5":"has-post-thumbnail","7":"category-rubriker","8":"tag-breaking-news","9":"tag-breakingnews","10":"tag-featured-news","11":"tag-featurednews","12":"tag-headlines","13":"tag-huvudnyheter","14":"tag-latest-news","15":"tag-latestnews","16":"tag-main-news","17":"tag-mainnews","18":"tag-news","19":"tag-nyheter","20":"tag-rubriker","21":"tag-se","22":"tag-svenska","23":"tag-sverige","24":"tag-sweden","25":"tag-swedish","26":"tag-top-stories","27":"tag-topstories"},"share_on_mastodon":{"url":"https:\/\/pubeurope.com\/@se\/115593873072582432","error":""},"_links":{"self":[{"href":"https:\/\/www.europesays.com\/se\/wp-json\/wp\/v2\/posts\/87068","targetHints":{"allow":["GET"]}}],"collection":[{"href":"https:\/\/www.europesays.com\/se\/wp-json\/wp\/v2\/posts"}],"about":[{"href":"https:\/\/www.europesays.com\/se\/wp-json\/wp\/v2\/types\/post"}],"author":[{"embeddable":true,"href":"https:\/\/www.europesays.com\/se\/wp-json\/wp\/v2\/users\/2"}],"replies":[{"embeddable":true,"href":"https:\/\/www.europesays.com\/se\/wp-json\/wp\/v2\/comments?post=87068"}],"version-history":[{"count":0,"href":"https:\/\/www.europesays.com\/se\/wp-json\/wp\/v2\/posts\/87068\/revisions"}],"wp:featuredmedia":[{"embeddable":true,"href":"https:\/\/www.europesays.com\/se\/wp-json\/wp\/v2\/media\/87069"}],"wp:attachment":[{"href":"https:\/\/www.europesays.com\/se\/wp-json\/wp\/v2\/media?parent=87068"}],"wp:term":[{"taxonomy":"category","embeddable":true,"href":"https:\/\/www.europesays.com\/se\/wp-json\/wp\/v2\/categories?post=87068"},{"taxonomy":"post_tag","embeddable":true,"href":"https:\/\/www.europesays.com\/se\/wp-json\/wp\/v2\/tags?post=87068"}],"curies":[{"name":"wp","href":"https:\/\/api.w.org\/{rel}","templated":true}]}}