{"id":87072,"date":"2025-11-22T14:47:19","date_gmt":"2025-11-22T14:47:19","guid":{"rendered":"https:\/\/www.europesays.com\/se\/87072\/"},"modified":"2025-11-22T14:47:19","modified_gmt":"2025-11-22T14:47:19","slug":"senaste-nytt-om-valet-2026","status":"publish","type":"post","link":"https:\/\/www.europesays.com\/se\/87072\/","title":{"rendered":"Senaste nytt om valet 2026"},"content":{"rendered":"<p>Simona Mohamsson (L) och partistyrelsen vill att Tid\u00f6samarbetet ska forts\u00e4tta. Hon vill dock begr\u00e4nsa SD:s inflytande, genom att inte ge dem ministerposter.<\/p>\n<p>P\u00e5 fr\u00e5gan om den linjen kommer att ligga kvar fram till valet svarar Mohamsson:<\/p>\n<p>\u2013 Det \u00e4r mina och Liberalernas krav f\u00f6r v\u00e5ra mandat.<\/p>\n<p>SD kr\u00e4ver dock ministerposter vid en borgerlig valvinst. Vilket skulle kunna leda till att Liberalerna m\u00e5ste r\u00f6sta nej till Ulf Kristersson som statsminister.<\/p>\n<p>\u2013 Jag \u00e4r \u00f6vertygad om att vi kan l\u00f6sa det h\u00e4r fram\u00f6ver. Men ja, i slut\u00e4ndan om en statsministerkandidat l\u00e4gger fram ett f\u00f6rslag som det inte finns en majoritet f\u00f6r, d\u00e5 blir det sv\u00e5rt f\u00f6r oss att r\u00f6sta p\u00e5 det, s\u00e4ger Mohamsson som svar p\u00e5 fr\u00e5gan om L skulle vara berett att f\u00e4lla en regering d\u00e4r SD ing\u00e5r.<\/p>\n","protected":false},"excerpt":{"rendered":"Simona Mohamsson (L) och partistyrelsen vill att Tid\u00f6samarbetet ska forts\u00e4tta. Hon vill dock begr\u00e4nsa SD:s inflytande, genom att&hellip;\n","protected":false},"author":2,"featured_media":87073,"comment_status":"","ping_status":"","sticky":false,"template":"","format":"standard","meta":{"footnotes":""},"categories":[12],"tags":[22,23,26,27,17,21,24,25,28,29,15,16,18,34,31,33,32,30,19,20],"class_list":{"0":"post-87072","1":"post","2":"type-post","3":"status-publish","4":"format-standard","5":"has-post-thumbnail","7":"category-sverige","8":"tag-breaking-news","9":"tag-breakingnews","10":"tag-featured-news","11":"tag-featurednews","12":"tag-headlines","13":"tag-huvudnyheter","14":"tag-latest-news","15":"tag-latestnews","16":"tag-main-news","17":"tag-mainnews","18":"tag-news","19":"tag-nyheter","20":"tag-rubriker","21":"tag-se","22":"tag-svenska","23":"tag-sverige","24":"tag-sweden","25":"tag-swedish","26":"tag-top-stories","27":"tag-topstories"},"share_on_mastodon":{"url":"https:\/\/pubeurope.com\/@se\/115593900576111095","error":""},"_links":{"self":[{"href":"https:\/\/www.europesays.com\/se\/wp-json\/wp\/v2\/posts\/87072","targetHints":{"allow":["GET"]}}],"collection":[{"href":"https:\/\/www.europesays.com\/se\/wp-json\/wp\/v2\/posts"}],"about":[{"href":"https:\/\/www.europesays.com\/se\/wp-json\/wp\/v2\/types\/post"}],"author":[{"embeddable":true,"href":"https:\/\/www.europesays.com\/se\/wp-json\/wp\/v2\/users\/2"}],"replies":[{"embeddable":true,"href":"https:\/\/www.europesays.com\/se\/wp-json\/wp\/v2\/comments?post=87072"}],"version-history":[{"count":0,"href":"https:\/\/www.europesays.com\/se\/wp-json\/wp\/v2\/posts\/87072\/revisions"}],"wp:featuredmedia":[{"embeddable":true,"href":"https:\/\/www.europesays.com\/se\/wp-json\/wp\/v2\/media\/87073"}],"wp:attachment":[{"href":"https:\/\/www.europesays.com\/se\/wp-json\/wp\/v2\/media?parent=87072"}],"wp:term":[{"taxonomy":"category","embeddable":true,"href":"https:\/\/www.europesays.com\/se\/wp-json\/wp\/v2\/categories?post=87072"},{"taxonomy":"post_tag","embeddable":true,"href":"https:\/\/www.europesays.com\/se\/wp-json\/wp\/v2\/tags?post=87072"}],"curies":[{"name":"wp","href":"https:\/\/api.w.org\/{rel}","templated":true}]}}