{"id":87074,"date":"2025-11-22T14:48:41","date_gmt":"2025-11-22T14:48:41","guid":{"rendered":"https:\/\/www.europesays.com\/se\/87074\/"},"modified":"2025-11-22T14:48:41","modified_gmt":"2025-11-22T14:48:41","slug":"over-30-doda-i-ryska-attacken-i-ternopil-vasterbottens-kuriren","status":"publish","type":"post","link":"https:\/\/www.europesays.com\/se\/87074\/","title":{"rendered":"\u00d6ver 30 d\u00f6da i ryska attacken i Ternopil &#8211; V\u00e4sterbottens-Kuriren"},"content":{"rendered":"<ol>\n<li><a href=\"https:\/\/news.google.com\/rss\/articles\/CBMigAFBVV95cUxOcm1wRkFybkFnU1J1eU5qalVITnRtVncxS3NzNUlXZUh0dzlYeGpMSFV6elVkN1ZLRFVoeHNFMF9sR0NUQkhERXZRdld6UHI3WkFfV3doSFlMVHV4UXd0RG9sOGFnczZqSndFLVlIR0dvdGFKd3RwcnZLMFRUTi1jOA?oc=5\" target=\"_blank\" rel=\"nofollow noopener\">\u00d6ver 30 d\u00f6da i ryska attacken i Ternopil<\/a>&nbsp;&nbsp;V\u00e4sterbottens-Kuriren<\/li>\n<li><a href=\"https:\/\/news.google.com\/rss\/articles\/CBMisgFBVV95cUxNdHFiaTNMSmZnVU1YdWVlNlZyS25JdlRQWXVyQkJ3V3JfWU9qNncwMGJyck5DQVpPV2pzeVJ0MFJsQ1JXVnUzaFdmMmNEZmhOamRHSEs5c0kySWxmSERuU2tpeWNYalJLZDdMMTVLOFFmbVpXNGFfUE1WS1R3TUVnZUhRQ3licVR3ekJCc2dfSVB0RGZNbGFFUG9Nel9HeGVLcHpvVElJTXVIazFRR3l0Q0lB?oc=5\" target=\"_blank\" rel=\"nofollow noopener\">Ukraina och USA ska m\u00f6tas i Schweiz \u2013 Senaste nytt om kriget i Ukraina<\/a>&nbsp;&nbsp;SVT Nyheter<\/li>\n<li><a href=\"https:\/\/news.google.com\/rss\/articles\/CBMioAFBVV95cUxPREJkRXZSVVZwYTBIS3Y3aWg0X2pvbEJQb3A0dXpFVndORWlTdHBHbTFsSXcyR1VlY2hWazlWdGhVZmk3UGpiRUFaaHpnbnNrZkpzVnI3djBSc2M0ZXVHSmF1N1FlR0dyS3NKZ055ZHN6d1QzZkJZUS1DcnpIUHVTM05kUmZYLXdLckZFOUVIRkdEMkJUT3k4d0ZfWEcwcEhk?oc=5\" target=\"_blank\" rel=\"nofollow noopener\">32 d\u00f6da i Ternopil: \u201dAlla gr\u00e5ter n\u00e4r de t\u00e4nker p\u00e5 Ruslan, 17\u201d<\/a>&nbsp;&nbsp;Aftonbladet<\/li>\n<li><a href=\"https:\/\/news.google.com\/rss\/articles\/CBMiekFVX3lxTE44cndHNHEyanRrMDkyRHZxRXdua3JtVVRoUFBvOXJZNmM1NmExM0duU2VXOVdkVFUzWmluZmxhSUhrSW1jUWx6Z05aNEtSeHljLWNBOS1STGlRVGgzOWNxaDhVR0Vtc2YzSEs2bnBlbko4WjJDdTBkS1Nn?oc=5\" target=\"_blank\" rel=\"nofollow noopener\">Tass: Ryska styrkor har tagit \u00f6ver Kupjansk<\/a>&nbsp;&nbsp;SvD<\/li>\n<li><a href=\"https:\/\/news.google.com\/rss\/articles\/CBMijAFBVV95cUxOeDRBb0MxQWRFTU9HajBTZmRWdThLV0dUbV90ZWFUMXpqR0lTdDgyUVVRckpiOXB1NmxaZk9MUnZVQ1dYb014STFKSnlBRFVOZ016S3lqM1h1MEYxQWN3SjJyN3hGUUZhdnd1aG16VmZnRml5bzM2bGg5TXk3VTBIOGlRTTItd2hfWFJhSA?oc=5\" target=\"_blank\" rel=\"nofollow noopener\">Rysslands ovanliga taktik \u2013 utropar kontroll \u00f6ver viktiga staden Kupjansk<\/a>&nbsp;&nbsp;Expressen<\/li>\n<\/ol>\n","protected":false},"excerpt":{"rendered":"\u00d6ver 30 d\u00f6da i ryska attacken i Ternopil&nbsp;&nbsp;V\u00e4sterbottens-Kuriren Ukraina och USA ska m\u00f6tas i Schweiz \u2013 Senaste nytt&hellip;\n","protected":false},"author":2,"featured_media":87075,"comment_status":"","ping_status":"","sticky":false,"template":"","format":"standard","meta":{"footnotes":""},"categories":[5],"tags":[22,23,26,27,17,21,24,25,28,29,15,16,18,34,31,33,32,30,19,20],"class_list":{"0":"post-87074","1":"post","2":"type-post","3":"status-publish","4":"format-standard","5":"has-post-thumbnail","7":"category-rubriker","8":"tag-breaking-news","9":"tag-breakingnews","10":"tag-featured-news","11":"tag-featurednews","12":"tag-headlines","13":"tag-huvudnyheter","14":"tag-latest-news","15":"tag-latestnews","16":"tag-main-news","17":"tag-mainnews","18":"tag-news","19":"tag-nyheter","20":"tag-rubriker","21":"tag-se","22":"tag-svenska","23":"tag-sverige","24":"tag-sweden","25":"tag-swedish","26":"tag-top-stories","27":"tag-topstories"},"share_on_mastodon":{"url":"https:\/\/pubeurope.com\/@se\/115593904352530620","error":""},"_links":{"self":[{"href":"https:\/\/www.europesays.com\/se\/wp-json\/wp\/v2\/posts\/87074","targetHints":{"allow":["GET"]}}],"collection":[{"href":"https:\/\/www.europesays.com\/se\/wp-json\/wp\/v2\/posts"}],"about":[{"href":"https:\/\/www.europesays.com\/se\/wp-json\/wp\/v2\/types\/post"}],"author":[{"embeddable":true,"href":"https:\/\/www.europesays.com\/se\/wp-json\/wp\/v2\/users\/2"}],"replies":[{"embeddable":true,"href":"https:\/\/www.europesays.com\/se\/wp-json\/wp\/v2\/comments?post=87074"}],"version-history":[{"count":0,"href":"https:\/\/www.europesays.com\/se\/wp-json\/wp\/v2\/posts\/87074\/revisions"}],"wp:featuredmedia":[{"embeddable":true,"href":"https:\/\/www.europesays.com\/se\/wp-json\/wp\/v2\/media\/87075"}],"wp:attachment":[{"href":"https:\/\/www.europesays.com\/se\/wp-json\/wp\/v2\/media?parent=87074"}],"wp:term":[{"taxonomy":"category","embeddable":true,"href":"https:\/\/www.europesays.com\/se\/wp-json\/wp\/v2\/categories?post=87074"},{"taxonomy":"post_tag","embeddable":true,"href":"https:\/\/www.europesays.com\/se\/wp-json\/wp\/v2\/tags?post=87074"}],"curies":[{"name":"wp","href":"https:\/\/api.w.org\/{rel}","templated":true}]}}