{"id":87078,"date":"2025-11-22T15:00:35","date_gmt":"2025-11-22T15:00:35","guid":{"rendered":"https:\/\/www.europesays.com\/se\/87078\/"},"modified":"2025-11-22T15:00:35","modified_gmt":"2025-11-22T15:00:35","slug":"leica-presenterar-q3-monochrom-med-60-mp-monokrom-fullformatsensor-och-andra-uppgraderingar","status":"publish","type":"post","link":"https:\/\/www.europesays.com\/se\/87078\/","title":{"rendered":"Leica presenterar Q3 Monochrom med 60 MP monokrom fullformatsensor och andra uppgraderingar"},"content":{"rendered":"<p class=\"bodytext\">F\u00f6r det andra \u00e4r Leica Q3 Monochrom den f\u00f6rsta modellen i Q-serien som st\u00f6der <a href=\"https:\/\/contentcredentials.org\" target=\"_blank\" rel=\"nofollow noopener\">Content Credentials<\/a>en funktion som hj\u00e4lper till att verifiera \u00e4ktheten hos foton. F\u00f6r det tredje har kamerans 60 MP fullformatssensor slopat Bayer-f\u00e4rgfiltret, vilket g\u00f6r att den endast kan ta svartvita stillbilder och videor (upp till 8K). Detta designval resulterar i h\u00f6gre ljusk\u00e4nslighet och l\u00e4gre bildbrus. J\u00e4mf\u00f6rt med Q3 standard har Q3 Monochroms maximala ISO-v\u00e4rde f\u00f6rdubblats till 200.000.&#13;<\/p>\n<p class=\"bodytext\">Resten av specifikationerna f\u00f6rblir i stort sett of\u00f6r\u00e4ndrade. Leica Q3 Monochrom har ett 28 mm f\/1,7-objektiv med optisk bildstabilisering och centralslutare, en 120 Hz OLED-s\u00f6kare med 5,76 miljoner punkter, en 3-tums peksk\u00e4rm med 1,84 miljoner punkter och autofokus. Utrustad med Leica Maestro IV-processor och 8 GB buffertminne kan den ta upp till 4 bilder per sekund med autofokus och 15 bilder per sekund utan<\/p>\n","protected":false},"excerpt":{"rendered":"F\u00f6r det andra \u00e4r Leica Q3 Monochrom den f\u00f6rsta modellen i Q-serien som st\u00f6der Content Credentialsen funktion som&hellip;\n","protected":false},"author":2,"featured_media":87079,"comment_status":"","ping_status":"","sticky":false,"template":"","format":"standard","meta":{"footnotes":""},"categories":[66],"tags":[7083,8620,7899,1787,7341,7084,9522,7085,236,80,78,79,34,8033,31,33,32,30,81,84,6547,83,82],"class_list":{"0":"post-87078","1":"post","2":"type-post","3":"status-publish","4":"format-standard","5":"has-post-thumbnail","7":"category-vetenskap-och-teknik","8":"tag-barbar-dator","9":"tag-fullformat","10":"tag-kamera","11":"tag-kompaktkamera","12":"tag-lansering","13":"tag-laptop","14":"tag-leica-q3-monochrom","15":"tag-notebook","16":"tag-pris","17":"tag-science","18":"tag-science-and-technology","19":"tag-scienceandtechnology","20":"tag-se","21":"tag-specifikationer","22":"tag-svenska","23":"tag-sverige","24":"tag-sweden","25":"tag-swedish","26":"tag-technology","27":"tag-teknik","28":"tag-tillganglighet","29":"tag-vetenskap","30":"tag-vetenskapteknik"},"share_on_mastodon":{"url":"https:\/\/pubeurope.com\/@se\/115593951539893732","error":""},"_links":{"self":[{"href":"https:\/\/www.europesays.com\/se\/wp-json\/wp\/v2\/posts\/87078","targetHints":{"allow":["GET"]}}],"collection":[{"href":"https:\/\/www.europesays.com\/se\/wp-json\/wp\/v2\/posts"}],"about":[{"href":"https:\/\/www.europesays.com\/se\/wp-json\/wp\/v2\/types\/post"}],"author":[{"embeddable":true,"href":"https:\/\/www.europesays.com\/se\/wp-json\/wp\/v2\/users\/2"}],"replies":[{"embeddable":true,"href":"https:\/\/www.europesays.com\/se\/wp-json\/wp\/v2\/comments?post=87078"}],"version-history":[{"count":0,"href":"https:\/\/www.europesays.com\/se\/wp-json\/wp\/v2\/posts\/87078\/revisions"}],"wp:featuredmedia":[{"embeddable":true,"href":"https:\/\/www.europesays.com\/se\/wp-json\/wp\/v2\/media\/87079"}],"wp:attachment":[{"href":"https:\/\/www.europesays.com\/se\/wp-json\/wp\/v2\/media?parent=87078"}],"wp:term":[{"taxonomy":"category","embeddable":true,"href":"https:\/\/www.europesays.com\/se\/wp-json\/wp\/v2\/categories?post=87078"},{"taxonomy":"post_tag","embeddable":true,"href":"https:\/\/www.europesays.com\/se\/wp-json\/wp\/v2\/tags?post=87078"}],"curies":[{"name":"wp","href":"https:\/\/api.w.org\/{rel}","templated":true}]}}