{"id":87080,"date":"2025-11-22T15:12:22","date_gmt":"2025-11-22T15:12:22","guid":{"rendered":"https:\/\/www.europesays.com\/se\/87080\/"},"modified":"2025-11-22T15:12:22","modified_gmt":"2025-11-22T15:12:22","slug":"senaste-nytt-om-kriget-i-gaza-98","status":"publish","type":"post","link":"https:\/\/www.europesays.com\/se\/87080\/","title":{"rendered":"Senaste nytt om kriget i Gaza"},"content":{"rendered":"<p>New Yorks nyvalde borgm\u00e4stare, Zohran Mamdani, bes\u00f6kte under fredagen president Donald Trump i Vita huset i USA.<\/p>\n<p>P\u00e5 deras gemensamma presstr\u00e4ff efter\u00e5t ber\u00f6rdes \u00e4mnet Gaza, bland annat det amerikanska st\u00f6det till Israel, enligt Haaretz.<\/p>\n<p>\u2013 Jag tog upp att den israeliska regeringen beg\u00e5r folkmord och att v\u00e5r regering finansierar det, s\u00e4ger Mamdani och menar att New York-bor hellre vill att deras skattepengar g\u00e5r till annat.<\/p>\n<p>Mamdani och Trump har minst sagt haft meningsskiljaktigheter under Mamdanis kampanjande och valvinst.<\/p>\n<p>Mamdani har till exempel sagt att Israels premi\u00e4rminister, som \u00e4r en n\u00e4ra allierad till Trump, borde gripas om han kommer till USA.<\/p>\n","protected":false},"excerpt":{"rendered":"New Yorks nyvalde borgm\u00e4stare, Zohran Mamdani, bes\u00f6kte under fredagen president Donald Trump i Vita huset i USA. P\u00e5&hellip;\n","protected":false},"author":2,"featured_media":87081,"comment_status":"","ping_status":"","sticky":false,"template":"","format":"standard","meta":{"footnotes":""},"categories":[5],"tags":[22,23,26,27,17,21,24,25,28,29,15,16,18,34,31,33,32,30,19,20],"class_list":{"0":"post-87080","1":"post","2":"type-post","3":"status-publish","4":"format-standard","5":"has-post-thumbnail","7":"category-rubriker","8":"tag-breaking-news","9":"tag-breakingnews","10":"tag-featured-news","11":"tag-featurednews","12":"tag-headlines","13":"tag-huvudnyheter","14":"tag-latest-news","15":"tag-latestnews","16":"tag-main-news","17":"tag-mainnews","18":"tag-news","19":"tag-nyheter","20":"tag-rubriker","21":"tag-se","22":"tag-svenska","23":"tag-sverige","24":"tag-sweden","25":"tag-swedish","26":"tag-top-stories","27":"tag-topstories"},"share_on_mastodon":{"url":"https:\/\/pubeurope.com\/@se\/115593998689322623","error":""},"_links":{"self":[{"href":"https:\/\/www.europesays.com\/se\/wp-json\/wp\/v2\/posts\/87080","targetHints":{"allow":["GET"]}}],"collection":[{"href":"https:\/\/www.europesays.com\/se\/wp-json\/wp\/v2\/posts"}],"about":[{"href":"https:\/\/www.europesays.com\/se\/wp-json\/wp\/v2\/types\/post"}],"author":[{"embeddable":true,"href":"https:\/\/www.europesays.com\/se\/wp-json\/wp\/v2\/users\/2"}],"replies":[{"embeddable":true,"href":"https:\/\/www.europesays.com\/se\/wp-json\/wp\/v2\/comments?post=87080"}],"version-history":[{"count":0,"href":"https:\/\/www.europesays.com\/se\/wp-json\/wp\/v2\/posts\/87080\/revisions"}],"wp:featuredmedia":[{"embeddable":true,"href":"https:\/\/www.europesays.com\/se\/wp-json\/wp\/v2\/media\/87081"}],"wp:attachment":[{"href":"https:\/\/www.europesays.com\/se\/wp-json\/wp\/v2\/media?parent=87080"}],"wp:term":[{"taxonomy":"category","embeddable":true,"href":"https:\/\/www.europesays.com\/se\/wp-json\/wp\/v2\/categories?post=87080"},{"taxonomy":"post_tag","embeddable":true,"href":"https:\/\/www.europesays.com\/se\/wp-json\/wp\/v2\/tags?post=87080"}],"curies":[{"name":"wp","href":"https:\/\/api.w.org\/{rel}","templated":true}]}}