{"id":87084,"date":"2025-11-22T15:20:08","date_gmt":"2025-11-22T15:20:08","guid":{"rendered":"https:\/\/www.europesays.com\/se\/87084\/"},"modified":"2025-11-22T15:20:08","modified_gmt":"2025-11-22T15:20:08","slug":"framtidens-flytande-hus-byggs-redan-nu","status":"publish","type":"post","link":"https:\/\/www.europesays.com\/se\/87084\/","title":{"rendered":"Framtidens flytande hus byggs redan nu"},"content":{"rendered":"<p>Tv\u00e5 meter h\u00f6ga glasf\u00f6nster sl\u00e4pper in gener\u00f6st med ljus i det stilrena vardagsrummet. Utanf\u00f6r krusar sig vattenytan i den lilla dammen. H\u00e4r har Martha Vintges och Gert Engbers bott sedan 2013, i en flytande villa i den nederl\u00e4ndska staden Delft.<\/p>\n<p>\u2013 Vi \u00e4r intresserade av modern design, h\u00e5llbarhet och de problem som vi har i Nederl\u00e4nderna med platsbrist. Vi letade efter ett \u00e4ventyr \u2013 vilket det blev, s\u00e4ger Martha Vintges.<\/p>\n","protected":false},"excerpt":{"rendered":"Tv\u00e5 meter h\u00f6ga glasf\u00f6nster sl\u00e4pper in gener\u00f6st med ljus i det stilrena vardagsrummet. Utanf\u00f6r krusar sig vattenytan i&hellip;\n","protected":false},"author":2,"featured_media":87085,"comment_status":"","ping_status":"","sticky":false,"template":"","format":"standard","meta":{"footnotes":""},"categories":[5],"tags":[22,23,26,27,17,21,24,25,28,29,15,16,18,34,31,33,32,30,19,20],"class_list":{"0":"post-87084","1":"post","2":"type-post","3":"status-publish","4":"format-standard","5":"has-post-thumbnail","7":"category-rubriker","8":"tag-breaking-news","9":"tag-breakingnews","10":"tag-featured-news","11":"tag-featurednews","12":"tag-headlines","13":"tag-huvudnyheter","14":"tag-latest-news","15":"tag-latestnews","16":"tag-main-news","17":"tag-mainnews","18":"tag-news","19":"tag-nyheter","20":"tag-rubriker","21":"tag-se","22":"tag-svenska","23":"tag-sverige","24":"tag-sweden","25":"tag-swedish","26":"tag-top-stories","27":"tag-topstories"},"share_on_mastodon":{"url":"https:\/\/pubeurope.com\/@se\/115594030210052158","error":""},"_links":{"self":[{"href":"https:\/\/www.europesays.com\/se\/wp-json\/wp\/v2\/posts\/87084","targetHints":{"allow":["GET"]}}],"collection":[{"href":"https:\/\/www.europesays.com\/se\/wp-json\/wp\/v2\/posts"}],"about":[{"href":"https:\/\/www.europesays.com\/se\/wp-json\/wp\/v2\/types\/post"}],"author":[{"embeddable":true,"href":"https:\/\/www.europesays.com\/se\/wp-json\/wp\/v2\/users\/2"}],"replies":[{"embeddable":true,"href":"https:\/\/www.europesays.com\/se\/wp-json\/wp\/v2\/comments?post=87084"}],"version-history":[{"count":0,"href":"https:\/\/www.europesays.com\/se\/wp-json\/wp\/v2\/posts\/87084\/revisions"}],"wp:featuredmedia":[{"embeddable":true,"href":"https:\/\/www.europesays.com\/se\/wp-json\/wp\/v2\/media\/87085"}],"wp:attachment":[{"href":"https:\/\/www.europesays.com\/se\/wp-json\/wp\/v2\/media?parent=87084"}],"wp:term":[{"taxonomy":"category","embeddable":true,"href":"https:\/\/www.europesays.com\/se\/wp-json\/wp\/v2\/categories?post=87084"},{"taxonomy":"post_tag","embeddable":true,"href":"https:\/\/www.europesays.com\/se\/wp-json\/wp\/v2\/tags?post=87084"}],"curies":[{"name":"wp","href":"https:\/\/api.w.org\/{rel}","templated":true}]}}