{"id":87086,"date":"2025-11-22T15:36:14","date_gmt":"2025-11-22T15:36:14","guid":{"rendered":"https:\/\/www.europesays.com\/se\/87086\/"},"modified":"2025-11-22T15:36:14","modified_gmt":"2025-11-22T15:36:14","slug":"ukrainas-forsvar-granskas-efter-korruptionsharvan","status":"publish","type":"post","link":"https:\/\/www.europesays.com\/se\/87086\/","title":{"rendered":"Ukrainas f\u00f6rsvar granskas efter korruptionsh\u00e4rvan"},"content":{"rendered":"<p>Ukrainas president Volodymyr Zelenskyj uppger att landets f\u00f6rsvarsindustri ska granskas efter korruptionsskandalen som skakade landet f\u00f6rra veckan. Utredningen visade stora oegentligheter i energisektorn, men det fanns \u00e4ven kopplingar till f\u00f6rsvaret. <\/p>\n<p>Enligt Zelenskyj ska statliga f\u00f6rsvarsbolag och kontrakt utredas. <\/p>\n<p>\u201dAlla \u00f6vertr\u00e4delser som hittas kommer att l\u00e4mnas \u00f6ver till brottsbek\u00e4mpande myndigheter och antikorruptionsmyndigheterna\u201d, skriver han p\u00e5 X. <\/p>\n<p>De tv\u00e5 huvudmisst\u00e4nkta i h\u00e4rvan, Timur Minditj och Oleksandr Tsukerman, befinner sig fortfarande p\u00e5 fri fot och har satts upp p\u00e5 landets lista \u00f6ver mest efterlysta. <\/p>\n<p>Omni \u00e4r politiskt obundna och oberoende. Vi str\u00e4var efter att ge fler perspektiv p\u00e5 nyheterna. Har du fr\u00e5gor eller synpunkter kring v\u00e5r rapportering? <a href=\"https:\/\/omni.se\/ukrainas-forsvar-granskas-efter-korruptionsharvan\/a\/mailto:redaktion@omni.se\" class=\"ArticleActions_contactLink__W2F1M\" rel=\"nofollow noopener\" target=\"_blank\">Kontakta redaktionen<\/a><\/p>\n","protected":false},"excerpt":{"rendered":"Ukrainas president Volodymyr Zelenskyj uppger att landets f\u00f6rsvarsindustri ska granskas efter korruptionsskandalen som skakade landet f\u00f6rra veckan. Utredningen&hellip;\n","protected":false},"author":2,"featured_media":87087,"comment_status":"","ping_status":"","sticky":false,"template":"","format":"standard","meta":{"footnotes":""},"categories":[5],"tags":[22,23,267,1149,26,27,17,21,24,25,28,29,15,16,18,34,31,33,32,30,19,20,263,262],"class_list":{"0":"post-87086","1":"post","2":"type-post","3":"status-publish","4":"format-standard","5":"has-post-thumbnail","7":"category-rubriker","8":"tag-breaking-news","9":"tag-breakingnews","10":"tag-europa","11":"tag-faktaruta-omni","12":"tag-featured-news","13":"tag-featurednews","14":"tag-headlines","15":"tag-huvudnyheter","16":"tag-latest-news","17":"tag-latestnews","18":"tag-main-news","19":"tag-mainnews","20":"tag-news","21":"tag-nyheter","22":"tag-rubriker","23":"tag-se","24":"tag-svenska","25":"tag-sverige","26":"tag-sweden","27":"tag-swedish","28":"tag-top-stories","29":"tag-topstories","30":"tag-ukraina","31":"tag-volodymyr-zelenskyj"},"share_on_mastodon":{"url":"https:\/\/pubeurope.com\/@se\/115594093068224070","error":""},"_links":{"self":[{"href":"https:\/\/www.europesays.com\/se\/wp-json\/wp\/v2\/posts\/87086","targetHints":{"allow":["GET"]}}],"collection":[{"href":"https:\/\/www.europesays.com\/se\/wp-json\/wp\/v2\/posts"}],"about":[{"href":"https:\/\/www.europesays.com\/se\/wp-json\/wp\/v2\/types\/post"}],"author":[{"embeddable":true,"href":"https:\/\/www.europesays.com\/se\/wp-json\/wp\/v2\/users\/2"}],"replies":[{"embeddable":true,"href":"https:\/\/www.europesays.com\/se\/wp-json\/wp\/v2\/comments?post=87086"}],"version-history":[{"count":0,"href":"https:\/\/www.europesays.com\/se\/wp-json\/wp\/v2\/posts\/87086\/revisions"}],"wp:featuredmedia":[{"embeddable":true,"href":"https:\/\/www.europesays.com\/se\/wp-json\/wp\/v2\/media\/87087"}],"wp:attachment":[{"href":"https:\/\/www.europesays.com\/se\/wp-json\/wp\/v2\/media?parent=87086"}],"wp:term":[{"taxonomy":"category","embeddable":true,"href":"https:\/\/www.europesays.com\/se\/wp-json\/wp\/v2\/categories?post=87086"},{"taxonomy":"post_tag","embeddable":true,"href":"https:\/\/www.europesays.com\/se\/wp-json\/wp\/v2\/tags?post=87086"}],"curies":[{"name":"wp","href":"https:\/\/api.w.org\/{rel}","templated":true}]}}