{"id":87090,"date":"2025-11-22T15:51:13","date_gmt":"2025-11-22T15:51:13","guid":{"rendered":"https:\/\/www.europesays.com\/se\/87090\/"},"modified":"2025-11-22T15:51:13","modified_gmt":"2025-11-22T15:51:13","slug":"miljonsatsar-pa-ny-svensk-tv-kanal","status":"publish","type":"post","link":"https:\/\/www.europesays.com\/se\/87090\/","title":{"rendered":"Miljonsatsar p\u00e5 ny svensk tv-kanal"},"content":{"rendered":"<p>Public service-kanaler som SVT v\u00e4cker ibland h\u00e5rd kritik f\u00f6r sin journalistik, inte minst fr\u00e5n h\u00f6gerh\u00e5ll.<\/p>\n<p>Nu meddelar en politisk profil att han storsatsar p\u00e5 en ny kanal som ska utmana public service.<\/p>\n<p><strong>Satsar p\u00e5 ny kanal<\/strong><\/p>\n<p>H\u00f6gerdebatt\u00f6ren och youtubern Henrik J\u00f6nsson storsatsar p\u00e5 en ny kanal, rapporterar Expressen.<\/p>\n<p>Kanalen heter \u201d100 procent\u201d och ska bli en alternativ tv-kanal med opinionsbildning och underh\u00e5llning ur ett h\u00f6gerperspektiv.<\/p>\n<p>Fem investerare har g\u00e5tt in med \u201dm\u00e5nga miljoner\u201d i satsningen, uppger Henrik J\u00f6nsson.<\/p>\n<p>Man har en stor studio i n\u00e4rheten av SVT och har investerat i robotkameror, modul\u00e4r inredning och egen redaktion best\u00e5ende av cirka tio personer.<\/p>\n<p>\u00c4ven om kanalen \u00e4r partipolitiskt oberoende kommer den att st\u00f6dja h\u00f6gersidan i valet 2026.<\/p>\n<p>\u2013 Jag kan inte tala f\u00f6r alla h\u00e4r men jag personligen tycker att det vore betydligt mindre d\u00e5ligt om h\u00f6gern kunde sitta kvar vid regeringsmakten \u00e4n att vi f\u00e5r en dystopisk r\u00f6dgr\u00f6n regering igen, s\u00e4ger Henrik J\u00f6nsson till tidningen.<\/p>\n<p>L\u00c4S OCKS\u00c5: <a style=\"color: #0000ff;\" href=\"https:\/\/ekonomibladet.se\/har-tiotusentals-agare-bolag-kan-forsvinna-fran-borsen\/\" rel=\"nofollow noopener\" target=\"_blank\">Har tiotusentals \u00e4gare &#8211; bolag kan f\u00f6rsvinna fr\u00e5n b\u00f6rsen<\/a><\/p>\n<p><strong>Framst\u00e5ende profiler<\/strong><\/p>\n<p>En rad framst\u00e5ende h\u00f6gerprofiler uppges ha knutits till projektet. Bland dessa finns Moderaternas tidigare riksdagsledamot Hanif Bali, som ska leda en gameshow.<\/p>\n<p>Komikern Viktor Klemming har ocks\u00e5 anslutet sig och ska leda ett fredagsprogram. \u00c4ven Jan Emanuel och komikern Aron Flam kopplas till projektet.<\/p>\n<p>Ist\u00e4llet f\u00f6r betalv\u00e4gg ska kanalen ha en \u201dfrivillig public service\u201d-avgift p\u00e5 1\u00a0249 kronor.<\/p>\n<p>Henrik J\u00f6nsson menar att kanalen kan utmana SVT, trots en betydligt l\u00e4gre budget.<\/p>\n<p>\u2013 V\u00e5r output h\u00e4r kommer inte att g\u00e5 att skilja fr\u00e5n n\u00e5gonting som de g\u00f6r p\u00e5 public service f\u00f6rutom att vi opererar p\u00e5 en fraktion av deras budget. F\u00f6r att vi \u00e4r entrepren\u00f6rer och kan f\u00e5 varje krona att r\u00e4cka l\u00e4ngre, s\u00e4ger Henrik J\u00f6nsson till tidningen.<\/p>\n<p>Kanalen har premi\u00e4r p\u00e5 m\u00e5ndag med en intervju med ministern Anna Tenje (M).<\/p>\n<p><strong>H\u00e5rd kritik mot public service<\/strong><\/p>\n<p>Henrik J\u00f6nsson har ofta riktat h\u00e5rd kritik mot traditionella medier, s\u00e4rskilt mot SVT, d\u00e4r han sj\u00e4lv blivit utfr\u00e5gad i programmet \u201d30 minuter\u201d.<\/p>\n<p>J\u00f6nsson menar att partiskhet bland journalister i skattefinansierade medier hotar trov\u00e4rdigheten.<\/p>\n<p>Han var bland annat kritisk n\u00e4r journalister fr\u00e5n bland annat SVT skrev under ett upprop r\u00f6rande kriget mellan Hamas och Israel.<\/p>\n<p>\u2013 Omd\u00f6mesl\u00f6sheten hos de public service-journalister som signerat uppropet \u00e4r inte heller ett enstaka misstag, utan ett \u00e5terkommande fenomen, skrev Henrik J\u00f6nsson i en debattartikel i GP tidigare i \u00e5r.<\/p>\n<p>Opinionsbildande journalistik \u00e4r bra, men om man samtidigt aspirerar p\u00e5 neutralitet blir det fel, menar han.<\/p>\n<p>L\u00c4S OCKS\u00c5: <a style=\"color: #0000ff;\" href=\"https:\/\/ekonomibladet.se\/aktiverar-beredskapsplan-tung-konkurs-i-sverige\/\" rel=\"nofollow noopener\" target=\"_blank\">&#8221;Aktiverar beredskapsplan&#8221; &#8211; tung konkurs i Sverige<\/a><\/p>\n<p>Foto: Glenn Carstens-Peters<\/p>\n<p>Text: Redaktionen<\/p>\n","protected":false},"excerpt":{"rendered":"Public service-kanaler som SVT v\u00e4cker ibland h\u00e5rd kritik f\u00f6r sin journalistik, inte minst fr\u00e5n h\u00f6gerh\u00e5ll. Nu meddelar en&hellip;\n","protected":false},"author":2,"featured_media":87091,"comment_status":"","ping_status":"","sticky":false,"template":"","format":"standard","meta":{"footnotes":""},"categories":[12],"tags":[22,23,26,27,17,21,24,25,28,29,15,16,18,34,31,33,32,30,19,20],"class_list":{"0":"post-87090","1":"post","2":"type-post","3":"status-publish","4":"format-standard","5":"has-post-thumbnail","7":"category-sverige","8":"tag-breaking-news","9":"tag-breakingnews","10":"tag-featured-news","11":"tag-featurednews","12":"tag-headlines","13":"tag-huvudnyheter","14":"tag-latest-news","15":"tag-latestnews","16":"tag-main-news","17":"tag-mainnews","18":"tag-news","19":"tag-nyheter","20":"tag-rubriker","21":"tag-se","22":"tag-svenska","23":"tag-sverige","24":"tag-sweden","25":"tag-swedish","26":"tag-top-stories","27":"tag-topstories"},"share_on_mastodon":{"url":"https:\/\/pubeurope.com\/@se\/115594152096801545","error":""},"_links":{"self":[{"href":"https:\/\/www.europesays.com\/se\/wp-json\/wp\/v2\/posts\/87090","targetHints":{"allow":["GET"]}}],"collection":[{"href":"https:\/\/www.europesays.com\/se\/wp-json\/wp\/v2\/posts"}],"about":[{"href":"https:\/\/www.europesays.com\/se\/wp-json\/wp\/v2\/types\/post"}],"author":[{"embeddable":true,"href":"https:\/\/www.europesays.com\/se\/wp-json\/wp\/v2\/users\/2"}],"replies":[{"embeddable":true,"href":"https:\/\/www.europesays.com\/se\/wp-json\/wp\/v2\/comments?post=87090"}],"version-history":[{"count":0,"href":"https:\/\/www.europesays.com\/se\/wp-json\/wp\/v2\/posts\/87090\/revisions"}],"wp:featuredmedia":[{"embeddable":true,"href":"https:\/\/www.europesays.com\/se\/wp-json\/wp\/v2\/media\/87091"}],"wp:attachment":[{"href":"https:\/\/www.europesays.com\/se\/wp-json\/wp\/v2\/media?parent=87090"}],"wp:term":[{"taxonomy":"category","embeddable":true,"href":"https:\/\/www.europesays.com\/se\/wp-json\/wp\/v2\/categories?post=87090"},{"taxonomy":"post_tag","embeddable":true,"href":"https:\/\/www.europesays.com\/se\/wp-json\/wp\/v2\/tags?post=87090"}],"curies":[{"name":"wp","href":"https:\/\/api.w.org\/{rel}","templated":true}]}}