{"id":87092,"date":"2025-11-22T15:52:09","date_gmt":"2025-11-22T15:52:09","guid":{"rendered":"https:\/\/www.europesays.com\/se\/87092\/"},"modified":"2025-11-22T15:52:09","modified_gmt":"2025-11-22T15:52:09","slug":"akesson-pekar-ut-ministerportfoljer-rimliga-poster-for-sd","status":"publish","type":"post","link":"https:\/\/www.europesays.com\/se\/87092\/","title":{"rendered":"\u00c5kesson pekar ut ministerportf\u00f6ljer: \u201dRimliga poster f\u00f6r SD\u201d"},"content":{"rendered":"<p>Jimmie \u00c5kesson s\u00e4ger att SD ska ha ett inflytande som \u00e4r proportionerligt efter valresultat \u2013 och han anser att det finns tv\u00e5 ministerportf\u00f6ljer som \u00e4r h\u00f6gt prioriterade f\u00f6r partiet.<\/p>\n<p>\u2013 Det \u00e4r v\u00e4l inte s\u00e5 kontroversiellt att det \u00e4r rimliga poster som jag tycker att SD borde ha. Absolut, s\u00e4ger han.<\/p>\n<p>\u00c5kesson utesluter heller inte landsbygdsportf\u00f6ljen.<\/p>\n<p>\u2013 Man kan dels utg\u00e5 fr\u00e5n hur portf\u00f6ljerna \u00e4r f\u00f6rdelade i dag. Eller s\u00e5 kan man f\u00f6rs\u00f6ka g\u00f6ra n\u00e5got eget och nytt och anpassa portf\u00f6ljerna efter vilka som man t\u00e4nker ska ing\u00e5 i en regering.<\/p>\n<p><strong>Regeringsfr\u00e5gan st\u00e5r i fokus<\/strong> under helgen. Medan SD:s landsdagar i \u00d6rebro gav \u00c5kesson fullt mandat att f\u00e4lla en statsministerkandidat om inte SD ges tillr\u00e4ckligt inflytande &#8211; s\u00e5 beslutade Liberalernas landsm\u00f6te i V\u00e4ster\u00e5s att inte ing\u00e5 i eller sl\u00e4ppa fram en regering d\u00e4r SD ing\u00e5r.<\/p>\n<p>Jimmie \u00c5kesson sa i sitt tal p\u00e5 l\u00f6rdagen, att han \u00e4r den \u201df\u00f6rste att beklaga\u201d att det ser ut som det g\u00f6r i Kristerssons regeringsunderlag. Efter\u00e5t s\u00e4ger han till DN att det hade varit bra om Tid\u00f6partierna kunnat deklarera att de \u00e4r ett f\u00e4rdigt regeringsunderlag.<\/p>\n<p>\u2013 Att vi \u00e4r fyra partier som vill bilda en majoritetsregering. Det hade gett en trov\u00e4rdighet mot oppositionen som inte har den enigheten, s\u00e4ger han och forts\u00e4tter:<\/p>\n<p>\u2013\u00a0Jag tror ocks\u00e5 att det hade varit strategiskt bra f\u00f6r L att g\u00f6ra s\u00e5 ist\u00e4llet. D\u00e5 kunde de ha haft m\u00f6jlighet att f\u00e5 st\u00f6dr\u00f6ster fr\u00e5n Moderaterna men kanske \u00e4ven fr\u00e5n en och annan sverigedemokrat. Det tror jag blir v\u00e4ldigt sv\u00e5rt med den inst\u00e4llningen de har i dag, s\u00e4ger han.<\/p>\n<p><strong>Under eftermiddagen<\/strong> har Ulf Kristersson \u00e4ven bes\u00f6kt SD:s landsdagar, dit han kom direkt fr\u00e5n Liberalernas landsm\u00f6te.<\/p>\n<p>\u2013 Han aspirerar p\u00e5 att f\u00e5 f\u00f6rnyat f\u00f6rtroende som statsminister och d\u00e5 kommer han beh\u00f6va st\u00f6d fr\u00e5n de som sitter h\u00e4r. D\u00e5 \u00e4r det v\u00e4l ett ypperligt tillf\u00e4lle att komma hit och h\u00e4lsa p\u00e5 dem, s\u00e4ger \u00c5kesson.<\/p>\n","protected":false},"excerpt":{"rendered":"Jimmie \u00c5kesson s\u00e4ger att SD ska ha ett inflytande som \u00e4r proportionerligt efter valresultat \u2013 och han anser&hellip;\n","protected":false},"author":2,"featured_media":87093,"comment_status":"","ping_status":"","sticky":false,"template":"","format":"standard","meta":{"footnotes":""},"categories":[5],"tags":[22,23,26,27,17,21,24,25,28,29,15,16,18,34,31,33,32,30,19,20],"class_list":{"0":"post-87092","1":"post","2":"type-post","3":"status-publish","4":"format-standard","5":"has-post-thumbnail","7":"category-rubriker","8":"tag-breaking-news","9":"tag-breakingnews","10":"tag-featured-news","11":"tag-featurednews","12":"tag-headlines","13":"tag-huvudnyheter","14":"tag-latest-news","15":"tag-latestnews","16":"tag-main-news","17":"tag-mainnews","18":"tag-news","19":"tag-nyheter","20":"tag-rubriker","21":"tag-se","22":"tag-svenska","23":"tag-sverige","24":"tag-sweden","25":"tag-swedish","26":"tag-top-stories","27":"tag-topstories"},"share_on_mastodon":{"url":"https:\/\/pubeurope.com\/@se\/115594155981298499","error":""},"_links":{"self":[{"href":"https:\/\/www.europesays.com\/se\/wp-json\/wp\/v2\/posts\/87092","targetHints":{"allow":["GET"]}}],"collection":[{"href":"https:\/\/www.europesays.com\/se\/wp-json\/wp\/v2\/posts"}],"about":[{"href":"https:\/\/www.europesays.com\/se\/wp-json\/wp\/v2\/types\/post"}],"author":[{"embeddable":true,"href":"https:\/\/www.europesays.com\/se\/wp-json\/wp\/v2\/users\/2"}],"replies":[{"embeddable":true,"href":"https:\/\/www.europesays.com\/se\/wp-json\/wp\/v2\/comments?post=87092"}],"version-history":[{"count":0,"href":"https:\/\/www.europesays.com\/se\/wp-json\/wp\/v2\/posts\/87092\/revisions"}],"wp:featuredmedia":[{"embeddable":true,"href":"https:\/\/www.europesays.com\/se\/wp-json\/wp\/v2\/media\/87093"}],"wp:attachment":[{"href":"https:\/\/www.europesays.com\/se\/wp-json\/wp\/v2\/media?parent=87092"}],"wp:term":[{"taxonomy":"category","embeddable":true,"href":"https:\/\/www.europesays.com\/se\/wp-json\/wp\/v2\/categories?post=87092"},{"taxonomy":"post_tag","embeddable":true,"href":"https:\/\/www.europesays.com\/se\/wp-json\/wp\/v2\/tags?post=87092"}],"curies":[{"name":"wp","href":"https:\/\/api.w.org\/{rel}","templated":true}]}}