{"id":87094,"date":"2025-11-22T15:58:08","date_gmt":"2025-11-22T15:58:08","guid":{"rendered":"https:\/\/www.europesays.com\/se\/87094\/"},"modified":"2025-11-22T15:58:08","modified_gmt":"2025-11-22T15:58:08","slug":"har-tagit-over-kupjansk-i-ukraina","status":"publish","type":"post","link":"https:\/\/www.europesays.com\/se\/87094\/","title":{"rendered":"Har tagit \u00f6ver Kupjansk i Ukraina"},"content":{"rendered":"<p>En fredsplan ligger p\u00e5 bordet.\u00a0<\/p>\n<p>Samtidigt rasar kriget.\u00a0<\/p>\n<p>Nu uppger Ryssland \u00e5terigen att de tagit kontroll \u00f6ver Kupjansk, \u201den nyckelkomponent i Ukrainas f\u00f6rsvar\u201d.<\/p>\n<p>Den h\u00e4r g\u00e5ngen genom att avancerat bakom ukrainska positioner via en underjordisk gasledning, skriver tankesmedjan ISW.\u00a0<\/p>\n<p>R\u00e4d mot Krim \u2013\u00a0tr\u00e4ff efter tr\u00e4ff<img loading=\"lazy\"   alt=\"\"\/><\/p>\n<p>De ryska styrkorna uppges ha avancerat bakom ukrainska positioner i Kupjansk via en underjordisk gasledning.<\/p>\n<p>Foto: AA \/ STELLA PICTURES\/ABACA PRESS ABACA PRESS<\/p>\n<p>\u00d6ppna bild i helsk\u00e4rm<img loading=\"lazy\"   alt=\"\"\/><\/p>\n<p>Ryska soldater med landets flagga i Kupjansk.<\/p>\n<p>Foto: Ryska f\u00f6rsvarsministeriet<\/p>\n<p>\u00d6ppna bild i helsk\u00e4rm<img loading=\"lazy\"   alt=\"\"\/><\/p>\n<p>Kupjansk uppges vara \u201den nyckelkomponent i Ukrainas f\u00f6rsvar\u201d.<\/p>\n<p>Foto: Ryska f\u00f6rsvarsministeriet<\/p>\n<p>\u00d6ppna bild i helsk\u00e4rm<img loading=\"lazy\"   alt=\"\"\/><\/p>\n<p>Ukrainska soldater.<\/p>\n<p>Foto: 127TH SEPARATE BRIGADE OF THE TERRITO \/ EPA<\/p>\n<p>\u00d6ppna bild i helsk\u00e4rm<\/p>\n<p>Ukraina befinner sig mellan tv\u00e5 eldar. \u00c5 ena sidan ett USA som pressar landet att underteckna den <a href=\"https:\/\/www.expressen.se\/nyheter\/varlden\/trump-ger--zelenskyj-en-vecka\" rel=\"nofollow noopener\" target=\"_blank\">fredsplan om 28 punkter<\/a> som presenterades under fredagen. \u00c5 andra sidan ryska styrkor som flyttar fronten l\u00e4ngre in i Ukraina.\u00a0<\/p>\n<p>Den senaste <a href=\"https:\/\/deepstatemap.live\/en#9\/49.5546164\/36.7080688\" rel=\"nofollow noopener\" target=\"_blank\">uppdateringen<\/a> fr\u00e5n fronten \u00e4r att <a href=\"https:\/\/www.expressen.se\/tagg\/location\/ryssland\/\" class=\"\" rel=\"nofollow noopener\" target=\"_blank\">Ryssland<\/a> avancerar i Pokrovsk, Novopavlivka och Velykomykhailivka samt i det taktiska omr\u00e5det Kostjantynivka\u2013Druzjkivka.<\/p>\n<p>Nu h\u00e4vdar den ryska arm\u00e9n \u00e5terigen att de har intagit den ukrainska staden Kupjansk, som av Ryssland beskrivs som en \u201dnyckelkomponent i Ukrainas f\u00f6rsvar\u201d.\u00a0<\/p>\n<p>Staden har en viktig j\u00e4rnv\u00e4gslinje som g\u00f6r det m\u00f6jligt f\u00f6r ukrainska styrkor att f\u00f6rs\u00f6rja sina positioner fr\u00e5n Charkiv, landets n\u00e4st st\u00f6rsta stad som f\u00f6ll kort efter invasionen 2022, men sedan togs tillbaka av Ukraina.\u00a0<\/p>\n<p>Ukraina f\u00f6rnekar<\/p>\n<p>Enligt tankesmedjan Institute for the study of war, <a href=\"https:\/\/understandingwar.org\/research\/russia-ukraine\/russian-offensive-campaign-assessment-september-13-2025\/\" rel=\"nofollow noopener\" target=\"_blank\">ISW<\/a>, har de ryska styrkorna avancerat bakom ukrainska positioner i Kupjansk via en underjordisk gasledning.\u00a0<\/p>\n<p>\u00c4ven Ukrainas milit\u00e4r rapporterar att ryssarna anv\u00e4nder sig av gasledningarna, men ocks\u00e5 att de kl\u00e4r ut sig till civila, vilket utg\u00f6r ett krigsbrott. De f\u00f6rnekar att staden har fallit.\u00a0<\/p>\n<p>Krigskartor som f\u00f6ljer utvecklingen visar att ryska styrkor finns i stadens centrum.\u00a0<\/p>\n<p>\u201dMotsabotageoperationer och s\u00e4rskilda s\u00f6k- och f\u00f6rst\u00f6rinsatser mot fiendens spanings- och sabotagegrupper som tr\u00e4ngt in i staden p\u00e5g\u00e5r i och runt Kupjansk\u201d uppger den ukrainska generalstaben, rapporterar <a href=\"https:\/\/kyivindependent.com\/cheap-provocations-ukraine-denies-russias-claim-that-it-has-captured-kupiansk-as-fighting-remains-ongoing\/\" rel=\"nofollow noopener\" target=\"_blank\">Kyiv independent. \u00a0<\/a><\/p>\n<p>Sedan den 28 september \u00e4r staden st\u00e4ngd f\u00f6r civila p\u00e5 grund av p\u00e5g\u00e5ende stridsoperationer och hotet fr\u00e5n ryska sabotagegrupper.<\/p>\n<p><img alt=\"\"\/>Ljudklippet gick inte att spela upp<\/p>\n<p>F\u00f6rs\u00f6k igen senare<\/p>\n","protected":false},"excerpt":{"rendered":"En fredsplan ligger p\u00e5 bordet.\u00a0 Samtidigt rasar kriget.\u00a0 Nu uppger Ryssland \u00e5terigen att de tagit kontroll \u00f6ver Kupjansk,&hellip;\n","protected":false},"author":2,"featured_media":87095,"comment_status":"","ping_status":"","sticky":false,"template":"","format":"standard","meta":{"footnotes":""},"categories":[14],"tags":[22,23,26,27,17,21,24,25,2339,274,202,28,29,15,276,16,18,34,55,31,33,32,30,19,60,20,51,52,53,54],"class_list":{"0":"post-87094","1":"post","2":"type-post","3":"status-publish","4":"format-standard","5":"has-post-thumbnail","7":"category-varlden","8":"tag-breaking-news","9":"tag-breakingnews","10":"tag-featured-news","11":"tag-featurednews","12":"tag-headlines","13":"tag-huvudnyheter","14":"tag-latest-news","15":"tag-latestnews","16":"tag-location-charkiv","17":"tag-location-ryssland","18":"tag-location-ukraina","19":"tag-main-news","20":"tag-mainnews","21":"tag-news","22":"tag-newsstory-kriget-i-ukraina","23":"tag-nyheter","24":"tag-rubriker","25":"tag-se","26":"tag-sections-varlden","27":"tag-svenska","28":"tag-sverige","29":"tag-sweden","30":"tag-swedish","31":"tag-top-stories","32":"tag-topic-krig-konflikt","33":"tag-topstories","34":"tag-varlden","35":"tag-world","36":"tag-world-news","37":"tag-worldnews"},"share_on_mastodon":{"url":"https:\/\/pubeurope.com\/@se\/115594179623373160","error":""},"_links":{"self":[{"href":"https:\/\/www.europesays.com\/se\/wp-json\/wp\/v2\/posts\/87094","targetHints":{"allow":["GET"]}}],"collection":[{"href":"https:\/\/www.europesays.com\/se\/wp-json\/wp\/v2\/posts"}],"about":[{"href":"https:\/\/www.europesays.com\/se\/wp-json\/wp\/v2\/types\/post"}],"author":[{"embeddable":true,"href":"https:\/\/www.europesays.com\/se\/wp-json\/wp\/v2\/users\/2"}],"replies":[{"embeddable":true,"href":"https:\/\/www.europesays.com\/se\/wp-json\/wp\/v2\/comments?post=87094"}],"version-history":[{"count":0,"href":"https:\/\/www.europesays.com\/se\/wp-json\/wp\/v2\/posts\/87094\/revisions"}],"wp:featuredmedia":[{"embeddable":true,"href":"https:\/\/www.europesays.com\/se\/wp-json\/wp\/v2\/media\/87095"}],"wp:attachment":[{"href":"https:\/\/www.europesays.com\/se\/wp-json\/wp\/v2\/media?parent=87094"}],"wp:term":[{"taxonomy":"category","embeddable":true,"href":"https:\/\/www.europesays.com\/se\/wp-json\/wp\/v2\/categories?post=87094"},{"taxonomy":"post_tag","embeddable":true,"href":"https:\/\/www.europesays.com\/se\/wp-json\/wp\/v2\/tags?post=87094"}],"curies":[{"name":"wp","href":"https:\/\/api.w.org\/{rel}","templated":true}]}}