{"id":87096,"date":"2025-11-22T16:03:09","date_gmt":"2025-11-22T16:03:09","guid":{"rendered":"https:\/\/www.europesays.com\/se\/87096\/"},"modified":"2025-11-22T16:03:09","modified_gmt":"2025-11-22T16:03:09","slug":"jag-ar-hemlos-bor-pa-airbnb","status":"publish","type":"post","link":"https:\/\/www.europesays.com\/se\/87096\/","title":{"rendered":"\u201dJag \u00e4r heml\u00f6s \u2013 bor p\u00e5 Airbnb\u201d"},"content":{"rendered":"<p>Publicerad 22 nov 2025 kl 16.43<\/p>\n<p>Efter \u00f6vergreppsanklagelserna avsl\u00f6jar sk\u00e5despelaren Kevin Spacey att han \u00e4r heml\u00f6s.<\/p>\n<p>Han bor nu p\u00e5 olika hotell och Airbnb.<\/p>\n<p>\u2013 Jag har ingen inkomst, jag var tvungen att s\u00e4lja mitt hus, s\u00e4ger han till <a href=\"https:\/\/www.telegraph.co.uk\/news\/2025\/11\/19\/kevin-spacey-interview-cancelled\/\" rel=\"nofollow noopener\" target=\"_blank\">The Telegraph<\/a>.\u00a0<\/p>\n<p>Senaste klippen fr\u00e5n Expressen inom n\u00f6je.<img   alt=\"\"\/><\/p>\n<p>Kevin Spacey \u00e4r skuldsatt och heml\u00f6s efter \u00f6vergreppsanklagelser.<\/p>\n<p>Foto: ANDY RAIN \/ EPA \/ TT \/ EPA TT NYHETSBYR\u00c5N<\/p>\n<p>\u00d6ppna bild i helsk\u00e4rm<img loading=\"lazy\"   alt=\"\"\/><\/p>\n<p>Kevin Spacey i \u201dHouse of Cards\u201d.<\/p>\n<p>Foto: NATHANIEL E. BELL \/ AP NETFLIX<\/p>\n<p>\u00d6ppna bild i helsk\u00e4rm<\/p>\n<p>N\u00e4r <a href=\"https:\/\/www.expressen.se\/tagg\/person\/kevin-spacey\/\" class=\"\" rel=\"nofollow noopener\" target=\"_blank\">Kevin Spacey<\/a> 2017 anklagades f\u00f6r sexuella \u00f6vergrepp blev det k\u00e4nnbara konsekvenser i b\u00e5de karri\u00e4r och ekonomi.<\/p>\n<p>Han fick d\u00e5 sparken fr\u00e5n Netflix-succ\u00e9n \u201dHouse of Cards\u201d.<\/p>\n<p>I en intervju med brittiska The Daily Telegraph ber\u00e4ttar sk\u00e5despelaren nu om hur anklagelserna fortsatt p\u00e5verkar honom, s\u00e4rskilt p\u00e5 det ekonomiska planet.<\/p>\n<p>\u2013 Kostnaderna de senaste sju \u00e5ren har varit astronomiska. Jag har haft mycket l\u00e5g inkomst samtidigt som utgifterna har varit enorma, s\u00e4ger han och syftar p\u00e5 de r\u00e4ttsprocesser han finansierat sj\u00e4lv.<\/p>\n<p>Portad i Hollywood<\/p>\n<p>Anklagelserna b\u00f6rjade med sk\u00e5despelaren Anthony Rapp och f\u00f6ljdes av flera andra. Spacey har hela tiden nekat till anklagelserna och frik\u00e4ndes 2023.\u00a0<\/p>\n<p>I Hollywood \u00e4r han fortfarande i praktiken portad.<\/p>\n<p><img loading=\"lazy\"   alt=\"\"\/><\/p>\n<p>Kevin Spacey har anklagats f\u00f6r flera sexuella \u00f6vergrepp.<\/p>\n<p>Foto: MARTYN WHEATLEY \/ I-IMAGES \/ POLARIS POLARIS IMAGES<\/p>\n<p>\u00d6ppna bild i helsk\u00e4rm<\/p>\n<p>De uteblivna jobben och de fortsatt h\u00f6ga kostnaderna har nu pressat honom att s\u00e4lja sitt hem i Baltimore.<\/p>\n<p>\u2013\u00a0Bokstavligt talat s\u00e5 \u00e4r jag heml\u00f6s, s\u00e4ger han i intervjun med The Daily Telegraph.<\/p>\n<p>\u2013 Jag bor p\u00e5 hotell, jag bor p\u00e5 Airbnbs, jag \u00e5ker dit d\u00e4r jag ska arbeta. Jag har bokstavligen inget hem, det \u00e4r det jag f\u00f6rs\u00f6ker f\u00f6rklara.<\/p>\n<p>\u201dDet kommer ske\u201d<\/p>\n<p>P\u00e5 senare tid har han sakta \u00e5terv\u00e4nt till filmv\u00e4rlden, men i betydligt mindre produktioner \u00e4n tidigare \u2013 bland annat \u201d1780\u201d, \u201dThe Contract\u201d och \u201dPeter five eight\u201d.<\/p>\n<p>Trots allt tror Spacey att framtiden kan v\u00e4nda och sk\u00e5disen hoppas att en regiss\u00f6r som Martin Scorsese eller Quentin Tarantino ska ringa och erbjuda honom en ny chans.<\/p>\n<p>\u2013 Vi \u00e4r i kontakt med n\u00e5gra extremt m\u00e4ktiga m\u00e4nniskor som vill s\u00e4tta mig i arbete igen. Och det kommer ske vid r\u00e4tt tidpunkt, s\u00e4ger Kevin Spacey hoppfullt.<\/p>\n","protected":false},"excerpt":{"rendered":"Publicerad 22 nov 2025 kl 16.43 Efter \u00f6vergreppsanklagelserna avsl\u00f6jar sk\u00e5despelaren Kevin Spacey att han \u00e4r heml\u00f6s. Han bor&hellip;\n","protected":false},"author":2,"featured_media":87097,"comment_status":"","ping_status":"","sticky":false,"template":"","format":"standard","meta":{"footnotes":""},"categories":[67],"tags":[104,9523,34,31,33,32,30,310,109,105],"class_list":{"0":"post-87096","1":"post","2":"type-post","3":"status-publish","4":"format-standard","5":"has-post-thumbnail","7":"category-underhallning","8":"tag-entertainment","9":"tag-person-kevin-spacey","10":"tag-se","11":"tag-svenska","12":"tag-sverige","13":"tag-sweden","14":"tag-swedish","15":"tag-topic-kandisar","16":"tag-topic-skadespelare","17":"tag-underhallning"},"share_on_mastodon":{"url":"https:\/\/pubeurope.com\/@se\/115594199258180412","error":""},"_links":{"self":[{"href":"https:\/\/www.europesays.com\/se\/wp-json\/wp\/v2\/posts\/87096","targetHints":{"allow":["GET"]}}],"collection":[{"href":"https:\/\/www.europesays.com\/se\/wp-json\/wp\/v2\/posts"}],"about":[{"href":"https:\/\/www.europesays.com\/se\/wp-json\/wp\/v2\/types\/post"}],"author":[{"embeddable":true,"href":"https:\/\/www.europesays.com\/se\/wp-json\/wp\/v2\/users\/2"}],"replies":[{"embeddable":true,"href":"https:\/\/www.europesays.com\/se\/wp-json\/wp\/v2\/comments?post=87096"}],"version-history":[{"count":0,"href":"https:\/\/www.europesays.com\/se\/wp-json\/wp\/v2\/posts\/87096\/revisions"}],"wp:featuredmedia":[{"embeddable":true,"href":"https:\/\/www.europesays.com\/se\/wp-json\/wp\/v2\/media\/87097"}],"wp:attachment":[{"href":"https:\/\/www.europesays.com\/se\/wp-json\/wp\/v2\/media?parent=87096"}],"wp:term":[{"taxonomy":"category","embeddable":true,"href":"https:\/\/www.europesays.com\/se\/wp-json\/wp\/v2\/categories?post=87096"},{"taxonomy":"post_tag","embeddable":true,"href":"https:\/\/www.europesays.com\/se\/wp-json\/wp\/v2\/tags?post=87096"}],"curies":[{"name":"wp","href":"https:\/\/api.w.org\/{rel}","templated":true}]}}