{"id":87118,"date":"2025-11-22T17:00:40","date_gmt":"2025-11-22T17:00:40","guid":{"rendered":"https:\/\/www.europesays.com\/se\/87118\/"},"modified":"2025-11-22T17:00:40","modified_gmt":"2025-11-22T17:00:40","slug":"orebro-hk-fick-med-sig-efterlangtad-seger-orebronyheter","status":"publish","type":"post","link":"https:\/\/www.europesays.com\/se\/87118\/","title":{"rendered":"\u00d6rebro HK fick med sig efterl\u00e4ngtad seger \u2013 \u00d6rebronyheter"},"content":{"rendered":"<p>\t\t\t\t\t\t\t\t<img width=\"300\" height=\"336\" src=\"https:\/\/www.europesays.com\/se\/wp-content\/uploads\/2025\/11\/ohk-vaxjo-300x336.jpg\" class=\"attachment-post-thumb size-post-thumb wp-post-image\" alt=\"\" decoding=\"async\" fetchpriority=\"high\"  \/>\t\t\t\t\t\t\t\t\t\t\t\t\t\t\t\t\tFoto: Karl-Johan Sandberg<\/p>\n<p data-start=\"1810\" data-end=\"2068\" data-is-last-node=\"\" data-is-only-node=\"\"><strong>\u00d6rebro Hockey tog emot V\u00e4xj\u00f6 Lakers i den tredje raka hemmamatchen under l\u00f6rdagen, d\u00e4r man inte har lyckats speciellt bra med tv\u00e5 raka f\u00f6rluster. En f\u00f6rlust rad som man lyckades spr\u00e4cka, n\u00e4r \u00d6rebro fick med sig en efterl\u00e4ngtad seger efter straffar.<\/strong><\/p>\n<p data-start=\"1810\" data-end=\"2068\" data-is-last-node=\"\" data-is-only-node=\"\">Under inledningen av den f\u00f6rsta perioden stod \u00d6rebro emot ett offensivt V\u00e4xj\u00f6, man kom tillbaka d\u00e4r man efter ca fyra minuters spel fick till ett l\u00e4ngre anfall i g\u00e4sternas zon, dock utan att spr\u00e4cka nollan. Det blev en ganska h\u00e4ndelsefattig period d\u00e4r man bara fick till n\u00e5gon halvchans, n\u00e4r man gick till den f\u00f6rsta periodvilan var det fortsatt oavgjort.<\/p>\n<p data-start=\"1810\" data-end=\"2068\" data-is-last-node=\"\" data-is-only-node=\"\">\u2026.<\/p>\n<p data-start=\"1810\" data-end=\"2068\" data-is-last-node=\"\" data-is-only-node=\"\">Den andra perioden b\u00f6rjade i ett ganska makligt tempo d\u00e4r det h\u00e4ndelsefattiga spelet fortsatte, d\u00e4r \u00d6rebro kunde trycka ut sina motst\u00e5ndare mot sargen f\u00f6r att h\u00e5lla de borta fr\u00e5n boxen. I den 29 minuten kunde man inte h\u00e5lla emot l\u00e4ngre, V\u00e4xj\u00f6 kunde g\u00f6ra matchens f\u00f6rsta m\u00e5l efter en f\u00f6rsvars miss.<\/p>\n<p data-start=\"1810\" data-end=\"2068\" data-is-last-node=\"\" data-is-only-node=\"\">I efterf\u00f6ljande spel s\u00e4nktes tempot ytterligare och nu s\u00e5g det ut som en tr\u00e4ningsmatch, i den 32 minuten fick \u00d6rebro chansen att spela powerplay i tv\u00e5 minuter. En chans man tog, efter riktigt bra spel med h\u00f6gt passningstempo (bara en s\u00e5n sak) kunde Patrik Karlkvist dundra in pucken i m\u00e5l efter assist fr\u00e5n David Quenneville och det var kvitterat i den 33 minuten. N\u00e4r man gick till den andra periodvilan var det fortsatt oavgjort.<\/p>\n<p data-start=\"1810\" data-end=\"2068\" data-is-last-node=\"\" data-is-only-node=\"\">\u2026.<\/p>\n<p data-start=\"1810\" data-end=\"2068\" data-is-last-node=\"\" data-is-only-node=\"\">Om \u00d6rebro var st\u00e4rkta av m\u00e5let i den andra perioden l\u00e5ter jag vara osagt, men i den tredje perioden kom man ut f\u00f6r att dominera. Man satte upp ett spel med bra tryck och h\u00f6gt tempo d\u00e4r man inte gav V\u00e4xj\u00f6 n\u00e5gon chans, ett spel d\u00e4r g\u00e4sterna inte h\u00e4ngde med alls. Det gjorde att Milton Oscarsson kunde ge \u00d6rebro ledningen, 2-1 m\u00e5let kom i powerplay i den 42 minuten.<\/p>\n<p data-start=\"1810\" data-end=\"2068\" data-is-last-node=\"\" data-is-only-node=\"\">Nu var det \u00d6rebro som var det hetare laget d\u00e4r V\u00e4xj\u00f6 helt pl\u00f6tsligt var tv\u00e5a p\u00e5 det mesta, det ledde fram till att Melvin Fernstr\u00f6m kunde ut\u00f6ka till 3-1 efter en tilltrasslad situation. Att ha tappat 1-0 till 1-3 f\u00f6r V\u00e4xj\u00f6 verkade g\u00f6ra att de vaknade till liv, 54 sekunder senare var det reducerat och matchbilden s\u00e5g annorlunda ut.<\/p>\n<p data-start=\"1810\" data-end=\"2068\" data-is-last-node=\"\" data-is-only-node=\"\">Ja s\u00e4g den gl\u00e4dje som varar l\u00e5ngt, det g\u00e5r fort i hockey, i den 53 minuten kom ocks\u00e5 kvitteringen efter att V\u00e4xj\u00f6 hade b\u00f6rjat hockey p\u00e5 SHL-niv\u00e5 och d\u00e5 h\u00e4nger inte \u00d6rebro med. Desto n\u00e4rmare full tid man kom desto mer tillbakatryckta blev \u00d6rebro, till sist s\u00e5g det som om man satt i kn\u00e4 p\u00e5 egna m\u00e5lvakten Jhonas Enroth, men man h\u00f6ll emot och matchen togs till f\u00f6rl\u00e4ngning.<\/p>\n<p data-start=\"1810\" data-end=\"2068\" data-is-last-node=\"\" data-is-only-node=\"\">\u2026.<\/p>\n<p data-start=\"1810\" data-end=\"2068\" data-is-last-node=\"\" data-is-only-node=\"\">Under f\u00f6rl\u00e4ngningen h\u00e4nde det en hel del, i den tredje minuten h\u00f6ll Puistola p\u00e5 att tr\u00e4 in pucken men pucken slogs bort. I spelv\u00e4ndningen efter\u00e5t hade V\u00e4xj\u00f6 ett fril\u00e4ge, d\u00e4r Jhonas Enroth kom ut och t\u00e4ckte bort chansen. Tempot h\u00f6jdes ordentligt och b\u00e4gge lagen varvade chanser om vartannat, nu blev det inget m\u00e5l och matchen kom att avg\u00f6ras p\u00e5 straffar.<\/p>\n<p data-start=\"1810\" data-end=\"2068\" data-is-last-node=\"\" data-is-only-node=\"\">Straffar som Puistola inledde f\u00f6r \u00d6rebro med att snurra upp V\u00e4xj\u00f6s m\u00e5lvakt och man var i ledning, motst\u00e5ndaran hade innan des missat sin precis som de gjorde med sin andra. Nu hade man chansen att avg\u00f6ra, en chans som Sampo Ranta tog n\u00e4r l\u00e4ttade upp pucken i v\u00e4nstra h\u00f6rnet och \u00d6rebro tog en riktigt efterl\u00e4ngtad seger.<\/p>\n<p data-start=\"1810\" data-end=\"2068\" data-is-last-node=\"\" data-is-only-node=\"\">\u2026.<\/p>\n<p data-start=\"1810\" data-end=\"2068\" data-is-last-node=\"\" data-is-only-node=\"\">\u00d6rebro gjorde ingen bra insats under l\u00f6rdagen d\u00e4r man h\u00f6ll en ganska medioker spelkvalit\u00e9, men vad spelar det f\u00f6r roll om motst\u00e5ndarna inte heller s\u00e5g ut att jobba f\u00f6r h\u00e5rt. M\u00e5l blev det \u00e4ntligen f\u00f6r \u00d6rebro som hade g\u00e5tt m\u00e5ll\u00f6sa tv\u00e5 matcher p\u00e5 raken, d\u00e4r och d\u00e5 s\u00e5g det riktigt bra ut. Men s\u00e5 \u00e4r det d\u00e4r med speltempo, V\u00e4xj\u00f6 la i en extrav\u00e4xel s\u00e5 var det ganska snabbt kvitterat. Det \u00e4r det som \u00e4r problemet f\u00f6r \u00d6rebro att man inte kan producera n\u00e4r det g\u00e5r fort, d\u00e5 f\u00f6rsvinner man ganska snabbt och man f\u00e5r fokusera p\u00e5 f\u00f6rsvar och kontringar.<\/p>\n<p data-start=\"1810\" data-end=\"2068\" data-is-last-node=\"\" data-is-only-node=\"\">Nu fick \u00d6rebro med sig en riktigt efterl\u00e4ngtad seger, n\u00e4r man fick med sig tv\u00e5 po\u00e4ng efter straffar. Visst man avgjorde inte under ordinarie tid d\u00e4r det s\u00e5g ut som om V\u00e4xj\u00f6 underskattade \u00d6rebro, vilket kanske \u00e4r l\u00e4tt d\u00e5 \u00d6rebro inte har visat upp n\u00e5gon h\u00f6gre kvalitet sista tiden. Hur som helst s\u00e5 fick man med sig tv\u00e5 i mina \u00f6gon superviktiga po\u00e4ng efter att Link\u00f6ping vann och gick om i tabellen, d\u00e4r man \u00e4r en po\u00e4ng bakom p\u00e5 en tolfte plats. Det ska till\u00e4ggas att jagande HV71 och Leksand f\u00f6rlorade sina matcher, vilket gjorde att \u00d6rebro \u00e4r tv\u00e5 po\u00e4ng f\u00f6re HV och tre po\u00e4ng f\u00f6re Leksand.<\/p>\n<p data-start=\"1810\" data-end=\"2068\" data-is-last-node=\"\" data-is-only-node=\"\">Torsdag 27 november 2025 tar sig \u00d6rebro an just HV71 i den 23 omg\u00e5ngen av Svenska Hockeyligan, det g\u00f6r man i Husqvarna Garden i J\u00f6nk\u00f6ping.<\/p>\n<p><strong>Matchfakta \u00d6rebro HK vs V\u00e4xj\u00f6 Lakers<\/strong><\/p>\n<p>Matchen slutade \u00d6rebro HK 4 vs V\u00e4xj\u00f6 Lakers 3 efter straffar.<br \/>Skottstatistiken slutade \u00d6rebro HK 20 vs V\u00e4xj\u00f6 Lakers 35.<\/p>\n<p><strong><img loading=\"lazy\" decoding=\"async\" class=\"alignleft size-full wp-image-167148\" src=\"https:\/\/www.europesays.com\/se\/wp-content\/uploads\/2025\/09\/anders-olofsson-press-01-sp.jpg\" alt=\"\" width=\"70\" height=\"70\"\/>Anders Olofsson, Sport | Hockey, \u00d6rebro<\/strong><br \/><strong>\u00d6rebronyheter<\/strong><\/p>\n","protected":false},"excerpt":{"rendered":"Foto: Karl-Johan Sandberg \u00d6rebro Hockey tog emot V\u00e4xj\u00f6 Lakers i den tredje raka hemmamatchen under l\u00f6rdagen, d\u00e4r man&hellip;\n","protected":false},"author":2,"featured_media":87119,"comment_status":"","ping_status":"","sticky":false,"template":"","format":"standard","meta":{"footnotes":""},"categories":[5],"tags":[22,23,26,27,17,21,24,25,28,29,15,16,18,34,31,33,32,30,19,20],"class_list":{"0":"post-87118","1":"post","2":"type-post","3":"status-publish","4":"format-standard","5":"has-post-thumbnail","7":"category-rubriker","8":"tag-breaking-news","9":"tag-breakingnews","10":"tag-featured-news","11":"tag-featurednews","12":"tag-headlines","13":"tag-huvudnyheter","14":"tag-latest-news","15":"tag-latestnews","16":"tag-main-news","17":"tag-mainnews","18":"tag-news","19":"tag-nyheter","20":"tag-rubriker","21":"tag-se","22":"tag-svenska","23":"tag-sverige","24":"tag-sweden","25":"tag-swedish","26":"tag-top-stories","27":"tag-topstories"},"share_on_mastodon":{"url":"https:\/\/pubeurope.com\/@se\/115594423537897806","error":""},"_links":{"self":[{"href":"https:\/\/www.europesays.com\/se\/wp-json\/wp\/v2\/posts\/87118","targetHints":{"allow":["GET"]}}],"collection":[{"href":"https:\/\/www.europesays.com\/se\/wp-json\/wp\/v2\/posts"}],"about":[{"href":"https:\/\/www.europesays.com\/se\/wp-json\/wp\/v2\/types\/post"}],"author":[{"embeddable":true,"href":"https:\/\/www.europesays.com\/se\/wp-json\/wp\/v2\/users\/2"}],"replies":[{"embeddable":true,"href":"https:\/\/www.europesays.com\/se\/wp-json\/wp\/v2\/comments?post=87118"}],"version-history":[{"count":0,"href":"https:\/\/www.europesays.com\/se\/wp-json\/wp\/v2\/posts\/87118\/revisions"}],"wp:featuredmedia":[{"embeddable":true,"href":"https:\/\/www.europesays.com\/se\/wp-json\/wp\/v2\/media\/87119"}],"wp:attachment":[{"href":"https:\/\/www.europesays.com\/se\/wp-json\/wp\/v2\/media?parent=87118"}],"wp:term":[{"taxonomy":"category","embeddable":true,"href":"https:\/\/www.europesays.com\/se\/wp-json\/wp\/v2\/categories?post=87118"},{"taxonomy":"post_tag","embeddable":true,"href":"https:\/\/www.europesays.com\/se\/wp-json\/wp\/v2\/tags?post=87118"}],"curies":[{"name":"wp","href":"https:\/\/api.w.org\/{rel}","templated":true}]}}