{"id":87175,"date":"2025-11-22T19:01:11","date_gmt":"2025-11-22T19:01:11","guid":{"rendered":"https:\/\/www.europesays.com\/se\/87175\/"},"modified":"2025-11-22T19:01:11","modified_gmt":"2025-11-22T19:01:11","slug":"buren-sagas-timrasupportrarna-efter-ny-kritik","status":"publish","type":"post","link":"https:\/\/www.europesays.com\/se\/87175\/","title":{"rendered":"\u201dBuren\u201d s\u00e5gas Timr\u00e5supportrarna efter ny kritik"},"content":{"rendered":"<p>Publicerad 22 nov 2025 kl 17.52Uppdaterad kl 19.31<\/p>\n<p>Bortasupportrarna har m\u00f6tts av st\u00e4ngd kiosk och skr\u00e4piga l\u00e4ktare.<\/p>\n<p>Nu kritiserar ocks\u00e5 de egna fansen Timr\u00e5s bortasektion.<\/p>\n<p>\u2013 Jag vill inte att det ska forts\u00e4tta s\u00e5 h\u00e4r, s\u00e4ger kommunikationsansvarige Adam S\u00e4lg och lovar s\u00e5 v\u00e4l \u00e5tg\u00e4rdsm\u00f6ten som b\u00e4ttring d\u00e4refter.<\/p>\n<p><img loading=\"lazy\"   alt=\"\"\/> <\/p>\n<p>Foto: JIMMY HAMRIN<\/p>\n<p>\u00d6ppna bild i helsk\u00e4rm<img loading=\"lazy\"   alt=\"\"\/>\u00d6ppna bild i helsk\u00e4rm<\/p>\n<p>Timr\u00e5s bortasektion har varit omdiskuterad i flera \u00e5r.<\/p>\n<p>Inte nog med att sj\u00e4lva \u201dburen\u201d med dess utformning och placering kritiserats, s\u00e5 har ocks\u00e5 nya diskussioner blossat upp de senaste m\u00e5naderna.<\/p>\n<p>I Timr\u00e5s m\u00f6te med HV71 f\u00f6r ett par veckor sedan m\u00f6ttes de tillresta supportrarna av en igenbommad kiosk och fick enligt deras egen utsago till en b\u00f6rjan inte l\u00e4mna \u201dburen\u201d f\u00f6r att bes\u00f6ka n\u00e5gon annan del i arenan.<\/p>\n<p>En HV-supporter skrev bland annat f\u00f6ljande p\u00e5 X:<\/p>\n<p>\u201dKul att \u00e5ka till Timr\u00e5 en l\u00f6rdag och f\u00e5 detta som utbud. Fast i buren, inget att dricka elr \u00e4ta. F\u00e5r inte l\u00e4mna bortast\u00e5 f\u00f6rrens 1 periodpausen. 1 toalett enbart. Fy fan\u201d<\/p>\n<p>Klubbens f\u00f6rklaring efter kravet<\/p>\n<p>N\u00e4r Timr\u00e5 p\u00e5 l\u00f6rdagen tog emot Link\u00f6ping p\u00e5 hemmais kom ny kritik fr\u00e5n bortsupportrarna.<\/p>\n<p>P\u00e5 bortast\u00e5 m\u00f6ttes de tillresta av en skr\u00e4pig tillvaro \u2013 och kiosken i anslutning till l\u00e4ktarsektionen var likt tidigare st\u00e4ngd.<\/p>\n<p><a href=\"https:\/\/x.com\/slaka1976\/status\/1992224798131495298?s=20\" data-provider=\"twitter\" class=\"js-social-embed\" rel=\"nofollow\">https:\/\/x.com\/slaka1976\/status\/1992224798131495298?s=20<\/a><\/p>\n<p>\u00c4ven de egna, Timr\u00e5supportrarna, valde d\u00e5 att ta parti och kritisera den egna klubben och dess behandling av bortafans.<\/p>\n<p>I slutet p\u00e5 den tredje perioden vecklades en banderoll ut p\u00e5 V\u00e4stra St\u00e5 d\u00e4r Timr\u00e5supportrarna skrev \u201d\u00c5TG\u00c4RDA BORTAST\u00c5\u201d.<\/p>\n<p><img loading=\"lazy\"   alt=\"\"\/><\/p>\n<p>Hemmasupportrarna visade sin solidaritet med bortasupportrarna.<\/p>\n<p>Foto: Jennifer Engstr\u00f6m<\/p>\n<p>\u00d6ppna bild i helsk\u00e4rm<\/p>\n<p>Nu svarar ocks\u00e5 klubben.<\/p>\n<p>\u2013 Jag f\u00f6rst\u00e5r kritiken. Jag k\u00f6per kritiken. Jag vill inte att det ska forts\u00e4tta s\u00e5 h\u00e4r, s\u00e5 att p\u00e5 m\u00e5ndag s\u00e5 kommer vi s\u00e4tta oss i en arbetsgrupp och se till s\u00e5 att det blir \u00e5tg\u00e4rdat. En g\u00e5ng f\u00f6r alla, s\u00e4ger Adam S\u00e4lg som \u00e4r kommunikationsansvarig i <a href=\"https:\/\/www.expressen.se\/tagg\/organization\/timra-ik\/\" class=\"\" rel=\"nofollow noopener\" target=\"_blank\">Timr\u00e5 IK<\/a>.<\/p>\n<p>Svaret: \u201dKommer \u00e5tg\u00e4rdas\u201d<\/p>\n<p><strong>Vad kan det bli f\u00f6r typer av \u00e5tg\u00e4rder d\u00e5?<\/strong><\/p>\n<p>\u2013 Det kan bli extra st\u00e4dpersonal. I det h\u00e4r fallet s\u00e5 har vi en leverant\u00f6r som ansvarar f\u00f6r st\u00e4det uppe p\u00e5 alla v\u00e5ra l\u00e4ktare egentligen. S\u00e5 vi kommer ha ett m\u00f6te med dem om varf\u00f6r det inte var st\u00e4dat. Vi kommer ha ett m\u00f6te tillsammans med kommunen om driften i arenan och vi kommer ha ett m\u00f6te med v\u00e5ra funktion\u00e4rer om varf\u00f6r inte ronden var f\u00e4rdiggjord. St\u00e4dat ska det alltid vara.<\/p>\n<p>P\u00e5 fr\u00e5gan om kiosken vid bortasektionen kommer vara bemannad fram\u00f6ver svarar han \u201dja\u201d.<\/p>\n<p>\u2013 Det \u00e4r en hel del saker som kommer \u00e5tg\u00e4rdas. Sedan kommer kiosken alltid vara \u00f6ppen nu.<\/p>\n","protected":false},"excerpt":{"rendered":"Publicerad 22 nov 2025 kl 17.52Uppdaterad kl 19.31 Bortasupportrarna har m\u00f6tts av st\u00e4ngd kiosk och skr\u00e4piga l\u00e4ktare. Nu&hellip;\n","protected":false},"author":2,"featured_media":87176,"comment_status":"","ping_status":"","sticky":false,"template":"","format":"standard","meta":{"footnotes":""},"categories":[68],"tags":[2154,34,255,823,111,110,31,33,32,30],"class_list":{"0":"post-87175","1":"post","2":"type-post","3":"status-publish","4":"format-standard","5":"has-post-thumbnail","7":"category-sport","8":"tag-organization-timra-ik","9":"tag-se","10":"tag-sections-ishockey","11":"tag-sections-shl","12":"tag-sport","13":"tag-sports","14":"tag-svenska","15":"tag-sverige","16":"tag-sweden","17":"tag-swedish"},"share_on_mastodon":{"url":"https:\/\/pubeurope.com\/@se\/115594899332867880","error":""},"_links":{"self":[{"href":"https:\/\/www.europesays.com\/se\/wp-json\/wp\/v2\/posts\/87175","targetHints":{"allow":["GET"]}}],"collection":[{"href":"https:\/\/www.europesays.com\/se\/wp-json\/wp\/v2\/posts"}],"about":[{"href":"https:\/\/www.europesays.com\/se\/wp-json\/wp\/v2\/types\/post"}],"author":[{"embeddable":true,"href":"https:\/\/www.europesays.com\/se\/wp-json\/wp\/v2\/users\/2"}],"replies":[{"embeddable":true,"href":"https:\/\/www.europesays.com\/se\/wp-json\/wp\/v2\/comments?post=87175"}],"version-history":[{"count":0,"href":"https:\/\/www.europesays.com\/se\/wp-json\/wp\/v2\/posts\/87175\/revisions"}],"wp:featuredmedia":[{"embeddable":true,"href":"https:\/\/www.europesays.com\/se\/wp-json\/wp\/v2\/media\/87176"}],"wp:attachment":[{"href":"https:\/\/www.europesays.com\/se\/wp-json\/wp\/v2\/media?parent=87175"}],"wp:term":[{"taxonomy":"category","embeddable":true,"href":"https:\/\/www.europesays.com\/se\/wp-json\/wp\/v2\/categories?post=87175"},{"taxonomy":"post_tag","embeddable":true,"href":"https:\/\/www.europesays.com\/se\/wp-json\/wp\/v2\/tags?post=87175"}],"curies":[{"name":"wp","href":"https:\/\/api.w.org\/{rel}","templated":true}]}}