{"id":87212,"date":"2025-11-22T20:10:20","date_gmt":"2025-11-22T20:10:20","guid":{"rendered":"https:\/\/www.europesays.com\/se\/87212\/"},"modified":"2025-11-22T20:10:20","modified_gmt":"2025-11-22T20:10:20","slug":"mark-och-miljodomstolen-faststaller-ssabs-tillstand-for-lulea-stalverk","status":"publish","type":"post","link":"https:\/\/www.europesays.com\/se\/87212\/","title":{"rendered":"Mark- och milj\u00f6domstolen fastst\u00e4ller SSAB:s tillst\u00e5nd f\u00f6r Lule\u00e5-st\u00e5lverk"},"content":{"rendered":"<p>&#13;<br \/>\n                        Beskedet kommer efter att tillst\u00e5ndet, vilket gavs i december f\u00f6rra \u00e5ret, blev \u00f6verklagat och ledde till beviljat pr\u00f6vningstillst\u00e5nd. Nu har m\u00e5let avgjorts av domstolen, baserat p\u00e5 skriftv\u00e4xling mellan parterna.<\/p>\n<p>&#8221;Vi v\u00e4lkomnar att mark- och milj\u00f6\u00f6verdomstolen nu avgjort utest\u00e5ende fr\u00e5gor kopplat till det erh\u00e5llna tillst\u00e5ndet f\u00f6r v\u00e5rt nya st\u00e5lverk i Lule\u00e5. Att undanr\u00f6ja os\u00e4kerheter ger tydlighet och stabilitet i v\u00e5r omst\u00e4llning. Med det nya st\u00e5lverket f\u00e5r vi en b\u00e4ttre kostnadsposition, en mer attraktiv produktmix med premiumst\u00e5l och \u00f6kad flexibilitet att hantera variationer i efterfr\u00e5gan&#8221;, s\u00e4ger Carl Orrling, EVP, teknisk direkt\u00f6r och chef f\u00f6r Transformation Office p\u00e5 SSAB.<\/p>\n<p>SSAB:s m\u00e5l \u00e4r att ers\u00e4tta den nuvarande masugnsbaserade produktionen med ett nytt elektrost\u00e5lverk. Det \u00e4r en betydande satsning d\u00e5 investeringsstorleken p\u00e5 50 miljarder kronor \u00e4r inte l\u00e5ngt under bolagets b\u00f6rsv\u00e4rde.&#13;\n                    <\/p>\n","protected":false},"excerpt":{"rendered":"&#13; Beskedet kommer efter att tillst\u00e5ndet, vilket gavs i december f\u00f6rra \u00e5ret, blev \u00f6verklagat och ledde till beviljat&hellip;\n","protected":false},"author":2,"featured_media":84128,"comment_status":"","ping_status":"","sticky":false,"template":"","format":"standard","meta":{"footnotes":""},"categories":[65],"tags":[72,70,71,454,453,451,452,34,31,33,32,30,455],"class_list":{"0":"post-87212","1":"post","2":"type-post","3":"status-publish","4":"format-standard","5":"has-post-thumbnail","7":"category-ekonomi","8":"tag-business","9":"tag-economy","10":"tag-ekonomi","11":"tag-ekonomisk-analys","12":"tag-finans","13":"tag-finansiella-nyheter","14":"tag-investera","15":"tag-se","16":"tag-svenska","17":"tag-sverige","18":"tag-sweden","19":"tag-swedish","20":"tag-trading"},"share_on_mastodon":{"url":"https:\/\/pubeurope.com\/@se\/115595170529524051","error":""},"_links":{"self":[{"href":"https:\/\/www.europesays.com\/se\/wp-json\/wp\/v2\/posts\/87212","targetHints":{"allow":["GET"]}}],"collection":[{"href":"https:\/\/www.europesays.com\/se\/wp-json\/wp\/v2\/posts"}],"about":[{"href":"https:\/\/www.europesays.com\/se\/wp-json\/wp\/v2\/types\/post"}],"author":[{"embeddable":true,"href":"https:\/\/www.europesays.com\/se\/wp-json\/wp\/v2\/users\/2"}],"replies":[{"embeddable":true,"href":"https:\/\/www.europesays.com\/se\/wp-json\/wp\/v2\/comments?post=87212"}],"version-history":[{"count":0,"href":"https:\/\/www.europesays.com\/se\/wp-json\/wp\/v2\/posts\/87212\/revisions"}],"wp:featuredmedia":[{"embeddable":true,"href":"https:\/\/www.europesays.com\/se\/wp-json\/wp\/v2\/media\/84128"}],"wp:attachment":[{"href":"https:\/\/www.europesays.com\/se\/wp-json\/wp\/v2\/media?parent=87212"}],"wp:term":[{"taxonomy":"category","embeddable":true,"href":"https:\/\/www.europesays.com\/se\/wp-json\/wp\/v2\/categories?post=87212"},{"taxonomy":"post_tag","embeddable":true,"href":"https:\/\/www.europesays.com\/se\/wp-json\/wp\/v2\/tags?post=87212"}],"curies":[{"name":"wp","href":"https:\/\/api.w.org\/{rel}","templated":true}]}}