{"id":87215,"date":"2025-11-22T20:20:09","date_gmt":"2025-11-22T20:20:09","guid":{"rendered":"https:\/\/www.europesays.com\/se\/87215\/"},"modified":"2025-11-22T20:20:09","modified_gmt":"2025-11-22T20:20:09","slug":"glomde-du-inte-nagot-jimmie-akesson","status":"publish","type":"post","link":"https:\/\/www.europesays.com\/se\/87215\/","title":{"rendered":"Gl\u00f6mde du inte n\u00e5got, Jimmie \u00c5kesson?"},"content":{"rendered":"<p>Viktor Barth-Kron<\/p>\n<p>Publicerad 22 nov 2025 kl 13.13<\/p>\n<p>\u00d6REBRO. Omv\u00e4rlden anropar b\u00e5de SD och Liberalerna, skriver Viktor Barth-Kron.<\/p>\n<p><img   alt=\"\"\/><\/p>\n<p>Jimmie \u00c5kesson under sitt tal.<\/p>\n<p>Foto: SVEN LINDWALL<\/p>\n<p>\u00d6ppna bild i helsk\u00e4rm<\/p>\n<p>Detta \u00e4r en kommenterande text. Analys och st\u00e4llningstaganden \u00e4r skribentens.<\/p>\n<p><img   alt=\"\"\/>Viktor Barth-Kron<\/p>\n<p>Det har h\u00e4nt en del i helgen.<\/p>\n<p>USA, V\u00e4steuropas s\u00e4kerhetsgarant sedan 80 \u00e5r tillbaka, har i maskopi med Sveriges arvfiende Ryssland lagt fram <a href=\"https:\/\/www.expressen.se\/nyheter\/varlden\/trump-ger--zelenskyj-en-vecka\/\" rel=\"nofollow noopener\" target=\"_blank\">icke f\u00f6rhandlingsbara kapitulationsvillkor f\u00f6r Ukraina<\/a>. Det n\u00e4stan fyra\u00e5riga storkriget ska vara \u00f6verst\u00f6kat lagom till Thanksgiving n\u00e4sta vecka, kr\u00e4ver president <strong>Trump<\/strong>.<\/p>\n<p>En r\u00e4tt rej\u00e4lt omskakande nyhet, med stor p\u00e5verkan f\u00f6r hela Europa. I alla fall \u00e4r det omv\u00e4rldens bed\u00f6mning.<\/p>\n<p><strong>Passande nog h\u00f6ll tv\u00e5 av partiledarna i Sveriges regeringsunderlag st\u00e4mmotal p\u00e5 l\u00f6rdagen.<\/strong><\/p>\n<p><strong>Simona Mohamsson<\/strong>, ledare f\u00f6r det traditionellt utblickande Liberalerna, minister i en svensk regering som skrivit l\u00e5ngsiktiga samarbetsavtal med och g\u00e5tt in med enorma st\u00f6d till en av parterna i kriget \u2013 hade hon n\u00e5got att s\u00e4ga om saken borta i Karlstad?<\/p>\n<p>Inte alls, faktiskt.<\/p>\n<p>D\u00e4remot klagade hon p\u00e5 <strong>Morgan Johansson<\/strong> (S), <strong>Annika Strandh\u00e4ll<\/strong> (S) och <strong>Amanda Lind<\/strong> (MP). Och p\u00e5 att V\u00e4nsterpartiet vill l\u00e4mna Nato.<\/p>\n<blockquote><p>Efter tio m\u00e5nader till med Donald Trump kanske saken l\u00f6ser sig<\/p><\/blockquote>\n<p><strong>Jimmie \u00c5kesson<\/strong>, d\u00e5? St\u00f6rst i regeringsunderlaget, sj\u00e4lvutn\u00e4mnd statsministerkandidat, som h\u00f6ll sitt linjetal i \u00d6rebro framf\u00f6r en sk\u00e4rm med orden \u201dtrygg \u2013 fri \u2013 svensk\u201d?<\/p>\n<p>Nix.\u00a0<\/p>\n<p><strong>Endast svenska problem \u00e5t svenskarna, tycks vara linjen h\u00e4r ocks\u00e5.<\/strong><\/p>\n<p>Visst, det \u00e4r l\u00e4tt att bli in\u00e5tv\u00e4nd i en syrefattig kongresshall och visst, det mesta som avhandlas p\u00e5 en partist\u00e4mma \u00e4r av naturliga sk\u00e4l inrikespolitiskt pr\u00e4glat. Klassrumsstorlekar och detaljplaner ska regleras \u00e4ven i oroliga tider.<\/p>\n<p>Men \u00e4nd\u00e5.<\/p>\n<p>Att tv\u00e5 av Sveriges m\u00e4ktigaste politiker kan tala fritt i sammanlagt \u00f6ver en timme utan att ens n\u00e4mna bokstavskombinationen \u201dUkraina\u201d \u2013 den h\u00e4r helgen! \u2013 \u00e4r lite fascinerande.<\/p>\n<p>Mycket fokus har i dagarna lagts p\u00e5 \u00c5kessons och Mohamssons of\u00f6renliga krav p\u00e5 hur n\u00e4sta Tid\u00f6regering ska organiseras. En intressant fr\u00e5ga, f\u00f6rst\u00e5s, men m\u00f6jligen har statsminister <strong>Ulf Kristersson<\/strong> faktiskt r\u00e4tt i att den \u00e4r f\u00f6r tidigt st\u00e4lld.<\/p>\n<p><strong>Efter tio m\u00e5nader till med Donald Trump kanske saken l\u00f6ser sig genom att alla f\u00e5r vara med i Magdalena Anderssons samlingsregering.<\/strong><\/p>\n<p>Viktor Barth-Kron \u00e4r politisk kommentator p\u00e5 Expressen.<\/p>\n","protected":false},"excerpt":{"rendered":"Viktor Barth-Kron Publicerad 22 nov 2025 kl 13.13 \u00d6REBRO. Omv\u00e4rlden anropar b\u00e5de SD och Liberalerna, skriver Viktor Barth-Kron.&hellip;\n","protected":false},"author":2,"featured_media":87216,"comment_status":"","ping_status":"","sticky":false,"template":"","format":"standard","meta":{"footnotes":""},"categories":[14],"tags":[22,23,26,27,17,21,24,25,28,29,15,16,944,650,18,34,1238,31,33,32,30,19,152,20,51,52,53,54],"class_list":{"0":"post-87215","1":"post","2":"type-post","3":"status-publish","4":"format-standard","5":"has-post-thumbnail","7":"category-varlden","8":"tag-breaking-news","9":"tag-breakingnews","10":"tag-featured-news","11":"tag-featurednews","12":"tag-headlines","13":"tag-huvudnyheter","14":"tag-latest-news","15":"tag-latestnews","16":"tag-main-news","17":"tag-mainnews","18":"tag-news","19":"tag-nyheter","20":"tag-person-jimmie-akesson","21":"tag-person-simona-mohamsson","22":"tag-rubriker","23":"tag-se","24":"tag-sections-viktorbarthkron","25":"tag-svenska","26":"tag-sverige","27":"tag-sweden","28":"tag-swedish","29":"tag-top-stories","30":"tag-topic-inrikespolitik","31":"tag-topstories","32":"tag-varlden","33":"tag-world","34":"tag-world-news","35":"tag-worldnews"},"share_on_mastodon":{"url":"https:\/\/pubeurope.com\/@se\/115595209841809244","error":""},"_links":{"self":[{"href":"https:\/\/www.europesays.com\/se\/wp-json\/wp\/v2\/posts\/87215","targetHints":{"allow":["GET"]}}],"collection":[{"href":"https:\/\/www.europesays.com\/se\/wp-json\/wp\/v2\/posts"}],"about":[{"href":"https:\/\/www.europesays.com\/se\/wp-json\/wp\/v2\/types\/post"}],"author":[{"embeddable":true,"href":"https:\/\/www.europesays.com\/se\/wp-json\/wp\/v2\/users\/2"}],"replies":[{"embeddable":true,"href":"https:\/\/www.europesays.com\/se\/wp-json\/wp\/v2\/comments?post=87215"}],"version-history":[{"count":0,"href":"https:\/\/www.europesays.com\/se\/wp-json\/wp\/v2\/posts\/87215\/revisions"}],"wp:featuredmedia":[{"embeddable":true,"href":"https:\/\/www.europesays.com\/se\/wp-json\/wp\/v2\/media\/87216"}],"wp:attachment":[{"href":"https:\/\/www.europesays.com\/se\/wp-json\/wp\/v2\/media?parent=87215"}],"wp:term":[{"taxonomy":"category","embeddable":true,"href":"https:\/\/www.europesays.com\/se\/wp-json\/wp\/v2\/categories?post=87215"},{"taxonomy":"post_tag","embeddable":true,"href":"https:\/\/www.europesays.com\/se\/wp-json\/wp\/v2\/tags?post=87215"}],"curies":[{"name":"wp","href":"https:\/\/api.w.org\/{rel}","templated":true}]}}