{"id":87219,"date":"2025-11-22T20:28:11","date_gmt":"2025-11-22T20:28:11","guid":{"rendered":"https:\/\/www.europesays.com\/se\/87219\/"},"modified":"2025-11-22T20:28:11","modified_gmt":"2025-11-22T20:28:11","slug":"bolsonaro-ford-till-fangelse-domd-till-27-ar-hufvudstadsbladet","status":"publish","type":"post","link":"https:\/\/www.europesays.com\/se\/87219\/","title":{"rendered":"Bolsonaro f\u00f6rd till f\u00e4ngelse \u2013 d\u00f6md till 27 \u00e5r \u2013 Hufvudstadsbladet"},"content":{"rendered":"<p>Flytten har beordrats av Brasiliens h\u00f6gsta domstol och orsaken ska vara att Bolsonaro anses flyktben\u00e4gen.<\/p>\n<p>Den h\u00f6gerradikale politikern d\u00f6mdes nyligen till 27 \u00e5rs f\u00e4ngelse f\u00f6r att ha f\u00f6rs\u00f6kt iscens\u00e4tta en kupp efter valf\u00f6rlusten 2022, d\u00e5 hans anh\u00e4ngare stormade parlamentet och regeringsbyggnader.<\/p>\n<p>Bolsonaro har suttit i husarrest sedan i augusti i \u00e5r d\u00e5 flyktrisken bed\u00f6mts vara h\u00f6g. Hans advokater vill att den 70-\u00e5rige Bolsonaro ska f\u00e5 avtj\u00e4na straffet i sitt hem, d\u00e5 de menar att f\u00e4ngelse hade utgjort en fara f\u00f6r hans h\u00e4lsa.<\/p>\n","protected":false},"excerpt":{"rendered":"Flytten har beordrats av Brasiliens h\u00f6gsta domstol och orsaken ska vara att Bolsonaro anses flyktben\u00e4gen. Den h\u00f6gerradikale politikern&hellip;\n","protected":false},"author":2,"featured_media":87220,"comment_status":"","ping_status":"","sticky":false,"template":"","format":"standard","meta":{"footnotes":""},"categories":[14],"tags":[22,23,26,27,17,21,24,25,28,29,15,16,18,34,31,33,32,30,19,20,51,52,53,54],"class_list":{"0":"post-87219","1":"post","2":"type-post","3":"status-publish","4":"format-standard","5":"has-post-thumbnail","7":"category-varlden","8":"tag-breaking-news","9":"tag-breakingnews","10":"tag-featured-news","11":"tag-featurednews","12":"tag-headlines","13":"tag-huvudnyheter","14":"tag-latest-news","15":"tag-latestnews","16":"tag-main-news","17":"tag-mainnews","18":"tag-news","19":"tag-nyheter","20":"tag-rubriker","21":"tag-se","22":"tag-svenska","23":"tag-sverige","24":"tag-sweden","25":"tag-swedish","26":"tag-top-stories","27":"tag-topstories","28":"tag-varlden","29":"tag-world","30":"tag-world-news","31":"tag-worldnews"},"share_on_mastodon":{"url":"https:\/\/pubeurope.com\/@se\/115595241250177737","error":""},"_links":{"self":[{"href":"https:\/\/www.europesays.com\/se\/wp-json\/wp\/v2\/posts\/87219","targetHints":{"allow":["GET"]}}],"collection":[{"href":"https:\/\/www.europesays.com\/se\/wp-json\/wp\/v2\/posts"}],"about":[{"href":"https:\/\/www.europesays.com\/se\/wp-json\/wp\/v2\/types\/post"}],"author":[{"embeddable":true,"href":"https:\/\/www.europesays.com\/se\/wp-json\/wp\/v2\/users\/2"}],"replies":[{"embeddable":true,"href":"https:\/\/www.europesays.com\/se\/wp-json\/wp\/v2\/comments?post=87219"}],"version-history":[{"count":0,"href":"https:\/\/www.europesays.com\/se\/wp-json\/wp\/v2\/posts\/87219\/revisions"}],"wp:featuredmedia":[{"embeddable":true,"href":"https:\/\/www.europesays.com\/se\/wp-json\/wp\/v2\/media\/87220"}],"wp:attachment":[{"href":"https:\/\/www.europesays.com\/se\/wp-json\/wp\/v2\/media?parent=87219"}],"wp:term":[{"taxonomy":"category","embeddable":true,"href":"https:\/\/www.europesays.com\/se\/wp-json\/wp\/v2\/categories?post=87219"},{"taxonomy":"post_tag","embeddable":true,"href":"https:\/\/www.europesays.com\/se\/wp-json\/wp\/v2\/tags?post=87219"}],"curies":[{"name":"wp","href":"https:\/\/api.w.org\/{rel}","templated":true}]}}