{"id":87257,"date":"2025-11-22T21:55:22","date_gmt":"2025-11-22T21:55:22","guid":{"rendered":"https:\/\/www.europesays.com\/se\/87257\/"},"modified":"2025-11-22T21:55:22","modified_gmt":"2025-11-22T21:55:22","slug":"moa-lundgren-forlorade-tre-personer-pa-fem-dagar-langdskidor","status":"publish","type":"post","link":"https:\/\/www.europesays.com\/se\/87257\/","title":{"rendered":"Moa Lundgren f\u00f6rlorade tre personer p\u00e5 fem dagar | L\u00e4ngdskidor"},"content":{"rendered":"<p>Publicerad 22 nov 2025 kl 07.15Uppdaterad kl 11.40<\/p>\n<p>Mitt under landslagsl\u00e4gret slog sorgen till mot Moa Lundgren.<\/p>\n<p>Tre personer i hennes n\u00e4rhet gick bort under fem dagar.<\/p>\n<p>\u2013 Jag \u00e5ker f\u00f6r dem i helgen, s\u00e4ger Lundgren.<\/p>\n<p><img loading=\"lazy\"   alt=\"\"\/><\/p>\n<p>Moa Lundgren med damtr\u00e4naren Stefan Thomson i bakgrunden.<\/p>\n<p>Foto: MAXIM THORE \/ BILDBYR\u00c5N<\/p>\n<p>\u00d6ppna bild i helsk\u00e4rm<img loading=\"lazy\"   alt=\"\"\/><\/p>\n<p>Moa Lundgren i sprintprologen.<\/p>\n<p>Foto: MAXIM THORE \/ BILDBYR\u00c5N<\/p>\n<p>\u00d6ppna bild i helsk\u00e4rm<img loading=\"lazy\"   alt=\"\"\/><\/p>\n<p>Moa Lundgren.<\/p>\n<p>Foto: JOHAN AXELSSON \/ BILDBYR\u00c5N<\/p>\n<p>\u00d6ppna bild i helsk\u00e4rm<img alt=\"\"\/>Ljudklippet gick inte att spela upp<\/p>\n<p>F\u00f6rs\u00f6k igen senare<\/p>\n<p>Artikeln i korthet<\/p>\n<p>\u00a0Moa Lundgren f\u00f6rlorade tre n\u00e4ra personer under samma vecka.<\/p>\n<p>\u00a0Beskeden kom under ett landslagsl\u00e4ger.<\/p>\n<p> Trots motg\u00e5ngarna presterade hon starkt i G\u00e4llivare och n\u00e4rmar sig en plats i v\u00e4rldscuplaget.<\/p>\n<p>Visa mer<\/p>\n<p>Det \u00e4r en speciell helg f\u00f6r <a href=\"https:\/\/www.expressen.se\/tagg\/person\/moa-lundgren\/\" class=\"\" rel=\"nofollow noopener\" target=\"_blank\">Moa Lundgren<\/a>.<\/p>\n<p>Rent sportsligt blir den avg\u00f6rande f\u00f6r hur resten av s\u00e4songen blir. 27-\u00e5ringen fr\u00e5n Ume\u00e5 fick en plats i landslagets utvecklingslag Team Bauhaus och \u00e4r en stark kandidat till den svenska OS-truppen senare i vinter.<\/p>\n<p>Men d\u00e5 kr\u00e4vs det att s\u00e4songsdebuten i G\u00e4llivare blir bra.<\/p>\n<p>\u2013 Den h\u00e4r f\u00f6rsta perioden blir v\u00e4ldigt avg\u00f6rande, s\u00e5 det g\u00e4ller att \u00e5ka fort, konstaterar Moa Lundgren.<\/p>\n<p>Men den \u00e4r ocks\u00e5 speciell av en annan anledning.<\/p>\n<p>Under landslagsl\u00e4gret i V\u00e5l\u00e5dalen f\u00f6r ett par veckor sedan fick Lundgren inte bara ett, utan flera tunga besked.<\/p>\n<p>\u2013 Tre stycken personer som stod mig ganska n\u00e4ra gick bort under samma vecka.\u00a0<\/p>\n<p>\u201dOlika sorger p\u00e5 n\u00e5got s\u00e4tt\u201d<\/p>\n<p>Moa Lundgren vill inte specificera vilka n\u00e4rst\u00e5ende det r\u00f6r sig om.<\/p>\n<p>\u2013 Nej, vi l\u00e4mnar det s\u00e5. En var en v\u00e4n, en var en mor\/farf\u00f6r\u00e4lder och en var mitt emellan i \u00e5lder. S\u00e5 det blir olika sorger p\u00e5 n\u00e5got s\u00e4tt. Det g\u00f6r att man omv\u00e4rderar saker i livet, vad som \u00e4r viktigt f\u00f6r en och vilka man vill umg\u00e5s med.<\/p>\n<p><strong>Hur var det att ta emot detta under ett landslagsl\u00e4ger?<\/strong><\/p>\n<p>\u2013 Det var tufft. Det var f\u00f6rst n\u00e4r jag kom hem som jag tog in det.\u00a0<\/p>\n<p>D\u00f6dsbudet f\u00f6rv\u00e4rrade en redan strulig oktober, som kantats av covidsjukdom.<\/p>\n<p>\u2013 Jag har inte kunnat sova f\u00f6r att jag haft s\u00e5 mycket slem i luftv\u00e4garna. Jag har vaknat p\u00e5 n\u00e4tterna och kippat efter andan och beh\u00f6vt hosta upp slemmet.<\/p>\n<p>\u00d6kade sina chanser f\u00f6r att \u00e5ka i premi\u00e4ren<\/p>\n<p>Moa Lundgren konstaterar sedan att situationen k\u00e4nns bra nu.\u00a0<\/p>\n<p>\u2013 Det \u00e4r en naturlig sak, alla ska leva och d\u00f6. T\u00e4nker man p\u00e5 Ukraina och andra konflikter i v\u00e4rlden s\u00e5 sker det s\u00e5 m\u00e5nga d\u00f6dsfall varje dag, s\u00e5 vi \u00e4r f\u00f6rskonade.<\/p>\n<p>Helgen i G\u00e4llivare \u00e4nd\u00e5 bra f\u00f6r Moa Lundgren. Hon slutade fyra i fredagens sprint och st\u00e4rkte sina aktier f\u00f6r att f\u00e5 k\u00f6ra v\u00e4rldscuppremi\u00e4ren i Ruka n\u00e4sta helg.<\/p>\n<p>\u2013 Luftr\u00f6ren m\u00e5r inte speciellt bra nu, men det k\u00e4nns \u00e4nd\u00e5 bra. Jag v\u00e4xer och v\u00e4xer f\u00f6r varje t\u00e4vling.<\/p>\n<p><strong>Och chansen till Ruka \u00f6kar?<\/strong><\/p>\n<p>\u2013 Gud ja. Men jag vill inte ta ut n\u00e5gonting i f\u00f6rskott. Ist\u00e4llet konstaterar jag att det var en v\u00e4ldigt bra prestation i dag, s\u00e4ger Moa Lundgren och ler.<\/p>\n","protected":false},"excerpt":{"rendered":"Publicerad 22 nov 2025 kl 07.15Uppdaterad kl 11.40 Mitt under landslagsl\u00e4gret slog sorgen till mot Moa Lundgren. Tre&hellip;\n","protected":false},"author":2,"featured_media":87258,"comment_status":"","ping_status":"","sticky":false,"template":"","format":"standard","meta":{"footnotes":""},"categories":[68],"tags":[3484,34,857,111,110,31,33,32,30],"class_list":{"0":"post-87257","1":"post","2":"type-post","3":"status-publish","4":"format-standard","5":"has-post-thumbnail","7":"category-sport","8":"tag-person-moa-lundgren","9":"tag-se","10":"tag-sections-langdskidor","11":"tag-sport","12":"tag-sports","13":"tag-svenska","14":"tag-sverige","15":"tag-sweden","16":"tag-swedish"},"share_on_mastodon":{"url":"https:\/\/pubeurope.com\/@se\/115595583419108210","error":""},"_links":{"self":[{"href":"https:\/\/www.europesays.com\/se\/wp-json\/wp\/v2\/posts\/87257","targetHints":{"allow":["GET"]}}],"collection":[{"href":"https:\/\/www.europesays.com\/se\/wp-json\/wp\/v2\/posts"}],"about":[{"href":"https:\/\/www.europesays.com\/se\/wp-json\/wp\/v2\/types\/post"}],"author":[{"embeddable":true,"href":"https:\/\/www.europesays.com\/se\/wp-json\/wp\/v2\/users\/2"}],"replies":[{"embeddable":true,"href":"https:\/\/www.europesays.com\/se\/wp-json\/wp\/v2\/comments?post=87257"}],"version-history":[{"count":0,"href":"https:\/\/www.europesays.com\/se\/wp-json\/wp\/v2\/posts\/87257\/revisions"}],"wp:featuredmedia":[{"embeddable":true,"href":"https:\/\/www.europesays.com\/se\/wp-json\/wp\/v2\/media\/87258"}],"wp:attachment":[{"href":"https:\/\/www.europesays.com\/se\/wp-json\/wp\/v2\/media?parent=87257"}],"wp:term":[{"taxonomy":"category","embeddable":true,"href":"https:\/\/www.europesays.com\/se\/wp-json\/wp\/v2\/categories?post=87257"},{"taxonomy":"post_tag","embeddable":true,"href":"https:\/\/www.europesays.com\/se\/wp-json\/wp\/v2\/tags?post=87257"}],"curies":[{"name":"wp","href":"https:\/\/api.w.org\/{rel}","templated":true}]}}