{"id":87270,"date":"2025-11-22T22:41:27","date_gmt":"2025-11-22T22:41:27","guid":{"rendered":"https:\/\/www.europesays.com\/se\/87270\/"},"modified":"2025-11-22T22:41:27","modified_gmt":"2025-11-22T22:41:27","slug":"har-svingar-ivarsson-pa-nytt-mot-skelleftea-rejal-hetta","status":"publish","type":"post","link":"https:\/\/www.europesays.com\/se\/87270\/","title":{"rendered":"H\u00e4r svingar Ivarsson p\u00e5 nytt mot Skellefte\u00e5: &#8221;Rej\u00e4l hetta&#8221;"},"content":{"rendered":"<p><strong>Senast var det med munnen Johan Ivarsson attackerade <a href=\"https:\/\/hockeysverige.se\/klubb\/skelleftea-aik\" rel=\"nofollow noopener\" target=\"_blank\">Skellefte\u00e5<\/a>. Idag svingade <a href=\"https:\/\/hockeysverige.se\/klubb\/malmo-redhawks\" rel=\"nofollow noopener\" target=\"_blank\">Malm\u00f6<\/a>-backen ordentligt med n\u00e4varna. <\/strong><br \/><strong>\u2013\u00a0Det \u00e4r v\u00e4l klart att det \u00e4r bra om de kan fokusera p\u00e5 mig, men det tror jag inte de g\u00f6r, sade han i TV4 inf\u00f6r 2\u20131-m\u00f6tet.<\/strong><\/p>\n<p><img loading=\"lazy\" decoding=\"async\" width=\"1024\" height=\"658\" src=\"https:\/\/www.europesays.com\/se\/wp-content\/uploads\/2025\/11\/Ivarsson-1024x658.webp.webp\" alt=\"\" class=\"wp-image-328729\"  \/>Johan Ivarsson och P\u00e4r Lindholm <strong>Foto<\/strong>: Bildbyr\u00e5n\/Christian \u00d6rnberg. <\/p>\n<p>Senast Malm\u00f6 och Skellefte\u00e5 st\u00e4llde upp mot varandra blev Johan Ivarsson den stora f\u00f6rgrundsfiguren efter att han<a href=\"https:\/\/hockeysverige.se\/shl\/malmo-skelleftea-kuokkanen-okuliar-ivarsson\/\" rel=\"nofollow noopener\" target=\"_blank\"> totals\u00e5gat hela Skellefte\u00e5 som klubb och bygd<\/a>. Detta efter att Janne Kuokkanen f\u00e5tt matchstraff f\u00f6r en tackling p\u00e5 Oliver Okuliar. <\/p>\n<p>Idag, i mitten av tredje perioden, br\u00f6t till slut ett stort br\u00e5k ut d\u00e4r b\u00e5de hj\u00e4lmar och handskar fl\u00f6g. <\/p>\n<p>Just Okuliar hade f\u00e4llt en Malm\u00f6-spelare och fick snabbt Kuokkanen framf\u00f6r sig innan flera spelare gav sig in i leken. Inom kort s\u00e5gs Johan Ivarsson och P\u00e4r Lindholm svinga mot varandra. <\/p>\n<p>\u2013\u00a0Ivarsson v\u00e4lter omkull Lindholm och vi ser en rej\u00e4l hetta, s\u00e4ger TV4:s kommentator i s\u00e4ndningen. <\/p>\n<p>Efter en l\u00e5ng granskning av br\u00e5ket kom domarna till slut fram till tv\u00e5minutersutvisningar f\u00f6r Okuliar, Lindholm, Johnson (Skellefte\u00e5) och Pajuniemi (Malm\u00f6), men f\u00f6r Ivarsson blev det ett h\u00e5rdare straff i form av fem minuter. Malm\u00f6 fick d\u00e4rmed spela fyra mot tre. <\/p>\n<p>Bakgrunden till k\u00e4nslorna: \u201dHade h\u00e5nat Skellefte\u00e5\u201d<\/p>\n<p>Inf\u00f6r matchen hade Ivarssons tidigare kommentarer kommit p\u00e5 tal, men d\u00e5 menade backen att han inte trodde att Skellefte\u00e5s skulle l\u00e4gga n\u00e5gon extra vikt vid det. <\/p>\n<p>\u2013 Jag vet faktiskt inte. Jag tycker att vi ska fokusera p\u00e5 v\u00e5rt spel och spela en bra hockey. Sen \u00e4r det bara kul om det blir lite extra hett, sade han i TV4 och fortsatte om eventuella f\u00f6rhoppningar kring fel fokus f\u00f6r Skellefte\u00e5. <br \/>\u2013\u00a0F\u00f6rhoppningar vet jag inte, men det \u00e4r v\u00e4l klart att det \u00e4r bra om de kan fokusera p\u00e5 mig, men det tror jag inte de g\u00f6r. <\/p>\n<p>Innan det d\u00e4r br\u00e5ket hade Ivarsson dock \u00e5kt p\u00e5 en sm\u00e4ll fr\u00e5n Lars Bryggman som gjorde att han trillade bak\u00e5t, in genom en \u00f6ppen b\u00e5sd\u00f6rr. <\/p>\n<p>\u2013\u00a0Jag pratade med Jonathan Pudas n\u00e5gra dagar efter Ivarssons uttalande, och han sa \u201dvi gillar verkligen inte Malm\u00f6\u201d. Tydligen s\u00e5 hade Malm\u00f6 h\u00e5nat Skellefte\u00e5 efter en vinst f\u00f6rra s\u00e4songen, och det d\u00e4r levde med in i s\u00e4songen och sen kom Ivarssons uttalande. S\u00e5 det h\u00e4r \u00e4r tv\u00e5 klubbar som verkligen g\u00e5r \u201dhead to head\u201d just nu, ber\u00e4ttar TV4:s Adam Johansson fr\u00e5n studion. <\/p>\n<p>Med 50 sekunder kvar att spela fick Malm\u00f6 in 1\u20131 i matchen. Detta i ett nytt powerplay. I f\u00f6rl\u00e4ngning avgjorde dock Oscar Lindberg till 2\u20131 f\u00f6r Skellefte\u00e5. <\/p>\n<p>\u2013\u00a0Tajt match. Jag tycker kanske att de har ett litet spelm\u00e4ssigt \u00f6vertag, men vi har chanser \u00f6ver hela matchen att g\u00f6ra m\u00e5l s\u00e5 det ska inte beh\u00f6va dr\u00f6ja till sista minutrarna, s\u00e4ger Ivarsson i TV4 efter matchen och forts\u00e4tter om den fajten med Lindholm. <br \/>\u2013 Jag vet inte vad jag ska s\u00e4ga. Jag fick ju fem minuter s\u00e5 n\u00e5got fel m\u00e5ste jag gjort. Jag vet inte. Det var fult det, det var riktigt fult\u2026<\/p>\n","protected":false},"excerpt":{"rendered":"Senast var det med munnen Johan Ivarsson attackerade Skellefte\u00e5. Idag svingade Malm\u00f6-backen ordentligt med n\u00e4varna. \u2013\u00a0Det \u00e4r v\u00e4l&hellip;\n","protected":false},"author":2,"featured_media":87271,"comment_status":"","ping_status":"","sticky":false,"template":"","format":"standard","meta":{"footnotes":""},"categories":[5],"tags":[22,23,26,27,17,21,24,25,28,29,15,16,18,34,133,31,33,32,30,19,20],"class_list":{"0":"post-87270","1":"post","2":"type-post","3":"status-publish","4":"format-standard","5":"has-post-thumbnail","7":"category-rubriker","8":"tag-breaking-news","9":"tag-breakingnews","10":"tag-featured-news","11":"tag-featurednews","12":"tag-headlines","13":"tag-huvudnyheter","14":"tag-latest-news","15":"tag-latestnews","16":"tag-main-news","17":"tag-mainnews","18":"tag-news","19":"tag-nyheter","20":"tag-rubriker","21":"tag-se","22":"tag-second-news","23":"tag-svenska","24":"tag-sverige","25":"tag-sweden","26":"tag-swedish","27":"tag-top-stories","28":"tag-topstories"},"share_on_mastodon":{"url":"https:\/\/pubeurope.com\/@se\/115595764421020883","error":""},"_links":{"self":[{"href":"https:\/\/www.europesays.com\/se\/wp-json\/wp\/v2\/posts\/87270","targetHints":{"allow":["GET"]}}],"collection":[{"href":"https:\/\/www.europesays.com\/se\/wp-json\/wp\/v2\/posts"}],"about":[{"href":"https:\/\/www.europesays.com\/se\/wp-json\/wp\/v2\/types\/post"}],"author":[{"embeddable":true,"href":"https:\/\/www.europesays.com\/se\/wp-json\/wp\/v2\/users\/2"}],"replies":[{"embeddable":true,"href":"https:\/\/www.europesays.com\/se\/wp-json\/wp\/v2\/comments?post=87270"}],"version-history":[{"count":0,"href":"https:\/\/www.europesays.com\/se\/wp-json\/wp\/v2\/posts\/87270\/revisions"}],"wp:featuredmedia":[{"embeddable":true,"href":"https:\/\/www.europesays.com\/se\/wp-json\/wp\/v2\/media\/87271"}],"wp:attachment":[{"href":"https:\/\/www.europesays.com\/se\/wp-json\/wp\/v2\/media?parent=87270"}],"wp:term":[{"taxonomy":"category","embeddable":true,"href":"https:\/\/www.europesays.com\/se\/wp-json\/wp\/v2\/categories?post=87270"},{"taxonomy":"post_tag","embeddable":true,"href":"https:\/\/www.europesays.com\/se\/wp-json\/wp\/v2\/tags?post=87270"}],"curies":[{"name":"wp","href":"https:\/\/api.w.org\/{rel}","templated":true}]}}