{"id":87305,"date":"2025-11-23T01:39:08","date_gmt":"2025-11-23T01:39:08","guid":{"rendered":"https:\/\/www.europesays.com\/se\/87305\/"},"modified":"2025-11-23T01:39:08","modified_gmt":"2025-11-23T01:39:08","slug":"honor-magic-8-pro-direkt-fran-fabriken-till-var-kamera-hands-on","status":"publish","type":"post","link":"https:\/\/www.europesays.com\/se\/87305\/","title":{"rendered":"Honor Magic 8 Pro: Direkt fr\u00e5n fabriken till v\u00e5r kamera &#8211; hands-on"},"content":{"rendered":"<p class=\"bodytext\">N\u00e4r det g\u00e4ller kameror har inte mycket f\u00f6r\u00e4ndrats i \u00e5r, och inte alla f\u00f6r\u00e4ndringar \u00e4r bra, som vi redan noterade under lanseringen i Kina. Efter Xiaomi f\u00f6rlorar fans av huvudkameror med variabel bl\u00e4ndare ett annat alternativ till Huaweis flaggskepp. P\u00e5 200 megapixels telefoto-kameran \u00e4ndras den optiska br\u00e4nnvidden fr\u00e5n en 72 mm ekvivalent till en 85 mm ekvivalent. Det finns dock n\u00e5gra mycket positiva utvecklingar n\u00e4r det g\u00e4ller video, till exempel 4K120 slow motion-l\u00e4get och Log-inspelning, som vi ocks\u00e5 testade i v\u00e5r hands-on-video.<\/p>\n","protected":false},"excerpt":{"rendered":"N\u00e4r det g\u00e4ller kameror har inte mycket f\u00f6r\u00e4ndrats i \u00e5r, och inte alla f\u00f6r\u00e4ndringar \u00e4r bra, som vi&hellip;\n","protected":false},"author":2,"featured_media":87306,"comment_status":"","ping_status":"","sticky":false,"template":"","format":"standard","meta":{"footnotes":""},"categories":[66],"tags":[7083,9546,9547,9543,9542,8456,8224,9541,9544,9545,7084,9540,9539,7085,80,78,79,34,9548,9549,31,33,32,30,81,84,83,82],"class_list":{"0":"post-87305","1":"post","2":"type-post","3":"status-publish","4":"format-standard","5":"has-post-thumbnail","7":"category-vetenskap-och-teknik","8":"tag-barbar-dator","9":"tag-exempel-foton","10":"tag-exempel-videos","11":"tag-fabrik-tour","12":"tag-fabrikstour","13":"tag-hands-on","14":"tag-honor","15":"tag-kamera-flaggskepp","16":"tag-kamera-hands-on","17":"tag-kamera-test","18":"tag-laptop","19":"tag-magic-8-pro","20":"tag-magic8-pro","21":"tag-notebook","22":"tag-science","23":"tag-science-and-technology","24":"tag-scienceandtechnology","25":"tag-se","26":"tag-shenzhen","27":"tag-smartphone-produktion","28":"tag-svenska","29":"tag-sverige","30":"tag-sweden","31":"tag-swedish","32":"tag-technology","33":"tag-teknik","34":"tag-vetenskap","35":"tag-vetenskapteknik"},"share_on_mastodon":{"url":"https:\/\/pubeurope.com\/@se\/115596464180164510","error":""},"_links":{"self":[{"href":"https:\/\/www.europesays.com\/se\/wp-json\/wp\/v2\/posts\/87305","targetHints":{"allow":["GET"]}}],"collection":[{"href":"https:\/\/www.europesays.com\/se\/wp-json\/wp\/v2\/posts"}],"about":[{"href":"https:\/\/www.europesays.com\/se\/wp-json\/wp\/v2\/types\/post"}],"author":[{"embeddable":true,"href":"https:\/\/www.europesays.com\/se\/wp-json\/wp\/v2\/users\/2"}],"replies":[{"embeddable":true,"href":"https:\/\/www.europesays.com\/se\/wp-json\/wp\/v2\/comments?post=87305"}],"version-history":[{"count":0,"href":"https:\/\/www.europesays.com\/se\/wp-json\/wp\/v2\/posts\/87305\/revisions"}],"wp:featuredmedia":[{"embeddable":true,"href":"https:\/\/www.europesays.com\/se\/wp-json\/wp\/v2\/media\/87306"}],"wp:attachment":[{"href":"https:\/\/www.europesays.com\/se\/wp-json\/wp\/v2\/media?parent=87305"}],"wp:term":[{"taxonomy":"category","embeddable":true,"href":"https:\/\/www.europesays.com\/se\/wp-json\/wp\/v2\/categories?post=87305"},{"taxonomy":"post_tag","embeddable":true,"href":"https:\/\/www.europesays.com\/se\/wp-json\/wp\/v2\/tags?post=87305"}],"curies":[{"name":"wp","href":"https:\/\/api.w.org\/{rel}","templated":true}]}}