{"id":87317,"date":"2025-11-23T02:11:12","date_gmt":"2025-11-23T02:11:12","guid":{"rendered":"https:\/\/www.europesays.com\/se\/87317\/"},"modified":"2025-11-23T02:11:12","modified_gmt":"2025-11-23T02:11:12","slug":"nya-mini-led-tv-apparater-med-qled-och-upp-till-75-tum-sharp-visar-upp-sin-aquos-miniled-jp7000-serie","status":"publish","type":"post","link":"https:\/\/www.europesays.com\/se\/87317\/","title":{"rendered":"Nya Mini-LED TV-apparater med QLED och upp till 75 tum: Sharp visar upp sin Aquos MiniLED JP7000-serie"},"content":{"rendered":"<p>\t\t<a href=\"https:\/\/www.notebookcheck.se\/fileadmin\/Notebooks\/News\/_nc5\/Sharp-Aquos-MiniLED-JP7000-Serie.jpg\" data-caption=\"Aquos MiniLED JP7000-serien med sk\u00e4rmstorlekar upp till 75 tum. (Bildk\u00e4lla: Sharp Consumer Electronics)\" rel=\"nofollow noopener\" target=\"_blank\"><img decoding=\"async\" src=\"https:\/\/www.europesays.com\/se\/wp-content\/uploads\/2025\/11\/csm_Sharp-Aquos-MiniLED-JP7000-Serie_7a357d3f88.jpg\" loading=\"lazy\" fetchpriority=\"high\" width=\"240\" height=\"185\" alt=\"Aquos MiniLED JP7000-serien med sk\u00e4rmstorlekar upp till 75 tum. (Bildk\u00e4lla: Sharp Consumer Electronics)\"\/><\/a>Aquos MiniLED JP7000-serien med sk\u00e4rmstorlekar upp till 75 tum. (Bildk\u00e4lla: Sharp Consumer Electronics)<\/p>\n<p>Sharp har precis presenterat Aquos MiniLED JP7000-serien. Serien omfattar smarta TV-apparater i fyra storlekar upp till 75 tum, med Mini-LED- och Quantum Dot-teknik.<\/p>\n<p class=\"bodytext\">Sharp Consumer Electronics har precis presenterat sin <a href=\"https:\/\/www.sharpconsumer.com\/tv\/75jp7765e\/\" target=\"_blank\" rel=\"nofollow noopener\">Aquos MiniLED JP7000-serie<\/a>en ny serie smarta TV-apparater med Mini-LED som kommer att finnas tillg\u00e4ngliga denna m\u00e5nad i flera storlekar (50, 55, 65 och 75 tum). Information om priser \u00e4r fortfarande v\u00e4ntande.&#13;<\/p>\n<p class=\"bodytext\">Tillverkaren lovar att ta med &#8221;en ny dimension av prisv\u00e4rd bild- och ljudkvalitet till vardagsrummet&#8221;. TV-apparaterna anv\u00e4nder QLED Quantum Dot- och Mini-LED-teknik. Medan hundratals sm\u00e5 lysdioder i Mini-LED-bakgrundsbelysningen ger mer exakta dimningszoner och d\u00e4rmed en bild med h\u00f6gre kontrast, s\u00e4kerst\u00e4ller Quantum Dots b\u00e4ttre och mer naturlig f\u00e4rg\u00e5tergivning.&#13;<\/p>\n<p class=\"bodytext\">Sharp Aquos MiniLED JP7000-serien har \u00e4ven st\u00f6d f\u00f6r Dolby Vision och HDR10 f\u00f6r kontrastrika bilder med djup sv\u00e4rta. Aquos Smooth Motion \u00e4r utformad f\u00f6r att s\u00e4kerst\u00e4lla smidig uppspelning av 4K UHD-bilden, \u00e4ven under snabba scener. Uppdateringsfrekvensen \u00e4r dock endast 60 Hz, inte 120 Hz som blir alltmer standard nuf\u00f6rtiden. Displaytekniken \u00e4r inrymd i en praktiskt taget raml\u00f6s design som vilar p\u00e5 ett centralt aluminiumstativ.&#13;<\/p>\n<p class=\"bodytext\">F\u00f6r ljud\u00e5tergivning har enheten ett Harman Kardon-trimmat och certifierat ljudsystem best\u00e5ende av tv\u00e5 12 W-h\u00f6gtalare med st\u00f6d f\u00f6r 3D Dolby Atmos-ljud. P\u00e5 baksidan finns de vanliga anslutningarna, inklusive HDMI (med eARC) och USB. Dual-band Wi-Fi och Bluetooth st\u00f6ds ocks\u00e5.&#13;<\/p>\n<p class=\"bodytext\">Sony har valt Google TV som operativsystem f\u00f6r Aquos MiniLED JP7000-serien, vilket g\u00f6r det m\u00f6jligt f\u00f6r anv\u00e4ndare att komma \u00e5t m\u00e5nga appar ut\u00f6ver Google Assistant. Netflix, YouTube, Google Play Movies &amp; TV och Prime Video \u00e4r bland annat f\u00f6rinstallerade<\/p>\n<p>\t<a href=\"https:\/\/www.notebookcheck.se\/fileadmin\/Notebooks\/News\/_nc5\/Sharp_JP_Series_MiniLED_TV17.26.06.jpg\" data-caption=\"\" target=\"_blank\" rel=\"nofollow noopener\"><img decoding=\"async\" src=\"https:\/\/www.europesays.com\/se\/wp-content\/uploads\/2025\/11\/csm_Sharp_JP_Series_MiniLED_TV17.26.06_fcc123a27f.jpg\" width=\"738\" height=\"490\" alt=\"\" loading=\"lazy\"\/><\/a><a href=\"\"><img decoding=\"async\" src=\"https:\/\/www.europesays.com\/se\/wp-content\/uploads\/2025\/11\/csm_User_ce93c3b0bd.png\" loading=\"lazy\" width=\"120\" height=\"120\" alt=\"Jacob Fisher\"\/><\/a><a href=\"\"><img decoding=\"async\" src=\"https:\/\/www.europesays.com\/se\/wp-content\/uploads\/2025\/11\/1763336113_814_csm_ninh_duy_ee54bf9777.jpg\" loading=\"lazy\" width=\"120\" height=\"120\" alt=\"Ninh Duy\"\/><\/a>Translator: <a href=\"\" class=\"j_name\">Ninh Ngoc Duy<\/a> &#8211; Editorial Assistant  &#8211; 661712 articles published on Notebookcheck since 2008<\/p>\n","protected":false},"excerpt":{"rendered":"Aquos MiniLED JP7000-serien med sk\u00e4rmstorlekar upp till 75 tum. (Bildk\u00e4lla: Sharp Consumer Electronics) Sharp har precis presenterat Aquos&hellip;\n","protected":false},"author":2,"featured_media":87318,"comment_status":"","ping_status":"","sticky":false,"template":"","format":"standard","meta":{"footnotes":""},"categories":[66],"tags":[7083,9562,7341,7084,9561,7085,80,78,79,34,9433,9559,9560,31,33,32,30,81,84,83,82],"class_list":{"0":"post-87317","1":"post","2":"type-post","3":"status-publish","4":"format-standard","5":"has-post-thumbnail","7":"category-vetenskap-och-teknik","8":"tag-barbar-dator","9":"tag-google-tv","10":"tag-lansering","11":"tag-laptop","12":"tag-mini-led","13":"tag-notebook","14":"tag-science","15":"tag-science-and-technology","16":"tag-scienceandtechnology","17":"tag-se","18":"tag-serie","19":"tag-sharp-aquos-miniled-jp7000","20":"tag-smart-tv","21":"tag-svenska","22":"tag-sverige","23":"tag-sweden","24":"tag-swedish","25":"tag-technology","26":"tag-teknik","27":"tag-vetenskap","28":"tag-vetenskapteknik"},"share_on_mastodon":{"url":"https:\/\/pubeurope.com\/@se\/115596590218420836","error":""},"_links":{"self":[{"href":"https:\/\/www.europesays.com\/se\/wp-json\/wp\/v2\/posts\/87317","targetHints":{"allow":["GET"]}}],"collection":[{"href":"https:\/\/www.europesays.com\/se\/wp-json\/wp\/v2\/posts"}],"about":[{"href":"https:\/\/www.europesays.com\/se\/wp-json\/wp\/v2\/types\/post"}],"author":[{"embeddable":true,"href":"https:\/\/www.europesays.com\/se\/wp-json\/wp\/v2\/users\/2"}],"replies":[{"embeddable":true,"href":"https:\/\/www.europesays.com\/se\/wp-json\/wp\/v2\/comments?post=87317"}],"version-history":[{"count":0,"href":"https:\/\/www.europesays.com\/se\/wp-json\/wp\/v2\/posts\/87317\/revisions"}],"wp:featuredmedia":[{"embeddable":true,"href":"https:\/\/www.europesays.com\/se\/wp-json\/wp\/v2\/media\/87318"}],"wp:attachment":[{"href":"https:\/\/www.europesays.com\/se\/wp-json\/wp\/v2\/media?parent=87317"}],"wp:term":[{"taxonomy":"category","embeddable":true,"href":"https:\/\/www.europesays.com\/se\/wp-json\/wp\/v2\/categories?post=87317"},{"taxonomy":"post_tag","embeddable":true,"href":"https:\/\/www.europesays.com\/se\/wp-json\/wp\/v2\/tags?post=87317"}],"curies":[{"name":"wp","href":"https:\/\/api.w.org\/{rel}","templated":true}]}}