{"id":87321,"date":"2025-11-23T02:20:31","date_gmt":"2025-11-23T02:20:31","guid":{"rendered":"https:\/\/www.europesays.com\/se\/87321\/"},"modified":"2025-11-23T02:20:31","modified_gmt":"2025-11-23T02:20:31","slug":"arctic-wolf-och-abnormal-ai-samarbetar-for-sakrare-mejl","status":"publish","type":"post","link":"https:\/\/www.europesays.com\/se\/87321\/","title":{"rendered":"Arctic Wolf och Abnormal AI samarbetar f\u00f6r s\u00e4krare mejl"},"content":{"rendered":"<p>\t\t\t<img width=\"848\" height=\"415\" src=\"https:\/\/www.europesays.com\/se\/wp-content\/uploads\/2025\/11\/online-shopping-2300665-1280.jpg\" class=\"attachment-post-thumbnail size-post-thumbnail wp-post-image\" alt=\"\" decoding=\"async\" loading=\"lazy\"  \/>\t\t\t<\/p>\n<p><strong>Cybers\u00e4kerhetsf\u00f6retaget Arctic Wolf har sl\u00e4ppt ny integration mellan sin Aurora Platform och Abnormal AI. Tack vare att beteendebaserad detektering fr\u00e5n Abnormal AI nu blir tillg\u00e4nglig som en del av Arctic Wolfs MDR-l\u00f6sning (Managed Detection and Response) f\u00f6rst\u00e4rks skyddet kring mejlfunktionen, bland annat n\u00e4r det g\u00e4ller n\u00e4tfiske, skadlig kod och hot fr\u00e5n insiderkonton.<\/strong><\/p>\n<p>Genom att koppla Abnormal AI med beteendedata fr\u00e5n Microsoft 365 och Google Workspace direkt till Aurora-plattformen med dess AI-drivna SOC-funktion m\u00f6jligg\u00f6r Arctic Wolf djupare insyn i e-postaktivitet, vilket st\u00f6der snabbare och mer exakt agerande fr\u00e5n uppt\u00e4ckt till \u00e5tg\u00e4rd. Bland annat kan misst\u00e4nkta meddelanden s\u00e4ttas i karant\u00e4n f\u00f6r att minska riskexponeringen och m\u00f6jligg\u00f6ra att attacker kan stoppas innan de p\u00e5verkar verksamheten.\n<\/p>\n<p>\u2013 E-post forts\u00e4tter att vara en av de mest utnyttjade och sv\u00e5rf\u00f6rsvarade hotytorna. Genom att integrera detektering fr\u00e5n Abnormal AI i v\u00e5r Aurora-plattform l\u00e4gger vi till viktiga funktioner som hj\u00e4lper kunderna att stoppa attacker via e-post kan innan de p\u00e5verkar verksamheten, s\u00e4ger <strong>Dan Schiappa, chef f\u00f6r teknik och tj\u00e4nster p\u00e5<a href=\"https:\/\/arcticwolf.com\/sv\/\" target=\"_blank\" rel=\"noopener nofollow\"> Arctic Wolf.<\/a><\/strong>\n<\/p>\n<p>E-post \u00e4r en av de mest vanligaste ing\u00e5ngsv\u00e4garna f\u00f6r moderna cyberattacker. Arctic Wolfs senaste rapport om hotbilden visar att dessa svarade f\u00f6r mer \u00e4n var fj\u00e4rde cybers\u00e4kerhetsincident. N\u00e4tfiske var grundorsaken till n\u00e4stan 73% av dessa. Siffrorna belyser hur angripare utnyttjar m\u00e4nskligt beteende f\u00f6r att kringg\u00e5 \u00e4ven de starkaste tekniska s\u00e4kerhetsmekanismerna.\n<\/p>\n<p>Bild: <a href=\"https:\/\/pixabay.com\/sv\/users\/tumisu-148124\/?utm_source=link-attribution&amp;utm_medium=referral&amp;utm_campaign=image&amp;utm_content=2300665\" rel=\"nofollow noopener\" target=\"_blank\">Tumisu<\/a>\u00a0\n\t\t\t<\/p>\n","protected":false},"excerpt":{"rendered":"Cybers\u00e4kerhetsf\u00f6retaget Arctic Wolf har sl\u00e4ppt ny integration mellan sin Aurora Platform och Abnormal AI. Tack vare att beteendebaserad&hellip;\n","protected":false},"author":2,"featured_media":87322,"comment_status":"","ping_status":"","sticky":false,"template":"","format":"standard","meta":{"footnotes":""},"categories":[66],"tags":[80,78,79,34,31,33,32,30,81,84,83,82],"class_list":{"0":"post-87321","1":"post","2":"type-post","3":"status-publish","4":"format-standard","5":"has-post-thumbnail","7":"category-vetenskap-och-teknik","8":"tag-science","9":"tag-science-and-technology","10":"tag-scienceandtechnology","11":"tag-se","12":"tag-svenska","13":"tag-sverige","14":"tag-sweden","15":"tag-swedish","16":"tag-technology","17":"tag-teknik","18":"tag-vetenskap","19":"tag-vetenskapteknik"},"share_on_mastodon":{"url":"https:\/\/pubeurope.com\/@se\/115596625545743970","error":""},"_links":{"self":[{"href":"https:\/\/www.europesays.com\/se\/wp-json\/wp\/v2\/posts\/87321","targetHints":{"allow":["GET"]}}],"collection":[{"href":"https:\/\/www.europesays.com\/se\/wp-json\/wp\/v2\/posts"}],"about":[{"href":"https:\/\/www.europesays.com\/se\/wp-json\/wp\/v2\/types\/post"}],"author":[{"embeddable":true,"href":"https:\/\/www.europesays.com\/se\/wp-json\/wp\/v2\/users\/2"}],"replies":[{"embeddable":true,"href":"https:\/\/www.europesays.com\/se\/wp-json\/wp\/v2\/comments?post=87321"}],"version-history":[{"count":0,"href":"https:\/\/www.europesays.com\/se\/wp-json\/wp\/v2\/posts\/87321\/revisions"}],"wp:featuredmedia":[{"embeddable":true,"href":"https:\/\/www.europesays.com\/se\/wp-json\/wp\/v2\/media\/87322"}],"wp:attachment":[{"href":"https:\/\/www.europesays.com\/se\/wp-json\/wp\/v2\/media?parent=87321"}],"wp:term":[{"taxonomy":"category","embeddable":true,"href":"https:\/\/www.europesays.com\/se\/wp-json\/wp\/v2\/categories?post=87321"},{"taxonomy":"post_tag","embeddable":true,"href":"https:\/\/www.europesays.com\/se\/wp-json\/wp\/v2\/tags?post=87321"}],"curies":[{"name":"wp","href":"https:\/\/api.w.org\/{rel}","templated":true}]}}