{"id":87427,"date":"2025-11-23T07:43:42","date_gmt":"2025-11-23T07:43:42","guid":{"rendered":"https:\/\/www.europesays.com\/se\/87427\/"},"modified":"2025-11-23T07:43:42","modified_gmt":"2025-11-23T07:43:42","slug":"10-helt-fantastiska-miniserier-fran-2025","status":"publish","type":"post","link":"https:\/\/www.europesays.com\/se\/87427\/","title":{"rendered":"10 helt fantastiska miniserier fr\u00e5n 2025"},"content":{"rendered":"<p>Vi n\u00e4rmar oss redan slutet av 2025, tro det eller ej. Det kan s\u00e4kert dyka upp n\u00e5gon till grym miniserie innan \u00e5ret \u00e4r \u00f6ver. Men redan nu k\u00e4nner jag mig redo att dela med mig av i alla fall tio av \u00e5rets mest fantastiska nya miniserier. N\u00e4r vi \u00e4ntligen n\u00e5r fram till n\u00e5gra ordentliga l\u00e5nghelger under december snart, s\u00e5 \u00e4r det h\u00e4r den perfekta listan att b\u00f6rja beta av d\u00e5.<\/p>\n<p>\u201dAdolescence\u201d (Netflix)<\/p>\n<p><img loading=\"lazy\" decoding=\"async\" alt=\"YouTube video\" width=\"480\" height=\"360\" data-pin-nopin=\"true\" nopin=\"nopin\" class=\"perfmatters-lazy\" src=\"https:\/\/www.europesays.com\/se\/wp-content\/uploads\/2025\/11\/1763883817_62_hqdefault.jpg\"\/><\/p>\n<p>\u201dAdolescence\u201d tog v\u00e4rlden med storm i samband med premi\u00e4ren. Den gripande historien om en pojkes o\u00e5terkalleliga handlingar och hur dessa p\u00e5verkar s\u00e4rskilt hans egen familj men \u00e4ven samh\u00e4llet i stort, st\u00e5r f\u00f6r en av \u00e5rets starkaste ber\u00e4ttelser. N\u00e5got den lyckas med p\u00e5 bara fyra avsnitt.<\/p>\n<p>Miniserien tar oss fr\u00e5n n\u00e5got fantastiskt till ett\u00a0m\u00e4sterverk, genom hantverket och den enormt h\u00f6ga ambitionen \u00e4ven bakom kameran. Varje avsnitt \u00e4r inspelat i en enda l\u00e5ng tagning! Det \u00e4r imponerande i sig, men man lyckas \u00e4ven anv\u00e4nda det till sin f\u00f6rdel i varje avsnitt.\u00a0Varje avsnitt k\u00e4nns annorlunda och anv\u00e4nder ber\u00e4ttarstilen p\u00e5 ett s\u00e4tt som f\u00f6rh\u00f6jer k\u00e4nslan i avsnittet.<\/p>\n<p>\u201dApple Cider Vinegar\u201d (Netflix)<\/p>\n<p><img loading=\"lazy\" decoding=\"async\" alt=\"YouTube video\" width=\"480\" height=\"360\" data-pin-nopin=\"true\" nopin=\"nopin\" class=\"perfmatters-lazy\" src=\"https:\/\/www.europesays.com\/se\/wp-content\/uploads\/2025\/11\/1763883818_953_hqdefault.jpg\"\/><\/p>\n<p><strong>Kaitlyn Dever<\/strong>\u00a0var grym i miniserien \u201dUnbelievable\u201d hos Netflix f\u00f6r n\u00e5gra \u00e5r sedan och nu kom hon tillbaka med huvudrollen i \u201dApple Cider Vinegar\u201d. Serien \u00e4r verklighetsbaserad och f\u00f6ljer en h\u00e4lsoguru i Australien, som b\u00f6rjar lura sina m\u00e5nga f\u00f6ljare i sociala medier att hon har cancer.\u00a0<\/p>\n<p>L\u00e4s ocks\u00e5: <a href=\"https:\/\/www.moviezine.se\/nyheter\/apple-cider-vinegar-kaitlyn-dever-netflix-alycia-debnam-carey\" title=\"Kaitlyn Dever till MovieZine om \u201dApple Cider Vinegar\u201d-rollen: \u201dBlev v\u00e4ldigt f\u00f6rv\u00e5nad\u201d\" class=\"underline-custom !font-montserrat !font-bold !underline-offset-4 !decoration-4 !decoration-moviezine-green !text-md\" rel=\"nofollow noopener\" target=\"_blank\">Kaitlyn Dever till MovieZine om \u201dApple Cider Vinegar\u201d-rollen: \u201dBlev v\u00e4ldigt f\u00f6rv\u00e5nad\u201d<\/a><\/p>\n<p><strong>Alycia Debnam-Carey<\/strong> (\u201dFear the Walking Dead\u201d) dyker ocks\u00e5 upp i en av seriens st\u00f6rre roller, som n\u00e5gon som har cancer p\u00e5 riktigt. B\u00e5da tv\u00e5 bjuder p\u00e5 n\u00e5gra otroligt gripande rollprestationer under s\u00e4songen.<\/p>\n<p>\u201dAmerican Primeval\u201d (Netflix)<\/p>\n<p><img loading=\"lazy\" decoding=\"async\" alt=\"YouTube video\" width=\"480\" height=\"360\" data-pin-nopin=\"true\" nopin=\"nopin\" class=\"perfmatters-lazy\" src=\"https:\/\/www.europesays.com\/se\/wp-content\/uploads\/2025\/11\/1763883818_492_hqdefault.jpg\"\/><\/p>\n<p>I \u201dAmerican Primeval\u201d spolar vi tillbaka tiden till 1850-talet d\u00e5 den verkliga Mountain Meadows-massakern \u00e4gde rum i Utah. Det som h\u00e4nde var att ett g\u00e4ng medlemmar ur Mormonkyrkan anlitade n\u00e5gra indianer samt maskerade sig sj\u00e4lva f\u00f6r att massakrera \u00f6ver hundra fredliga nybyggare, som var p\u00e5 v\u00e4g igenom deras omr\u00e5de.\u00a0<\/p>\n<p>\u201dAmerican Primeval\u201d har dock bara anv\u00e4nt den verkliga h\u00e4ndelsen som l\u00f6s inspiration. Ist\u00e4llet har man byggt upp en l\u00e5ngt st\u00f6rre och brutal western-miniserie, d\u00e4r vi f\u00e5r f\u00f6lja n\u00e5gra f\u00e5 vittnen till h\u00e4ndelsen genom ett omr\u00e5de d\u00e4r nya faror lurar bakom varje liten buske ute i vildmarken. Och med allt fr\u00e5n arga mormoner, prisj\u00e4gare och vargar p\u00e5 jakt efter v\u00e5ra huvudpersoner.\u00a0Huvudrollerna spelas av <strong>Taylor Kitsch <\/strong>och <strong>Betty Gilpin<\/strong> medan serien skrivits av <strong>Mark L. Smith<\/strong>, som \u00e4ven skrev manuset till \u201dThe Revenant\u201d f\u00f6r n\u00e5gra \u00e5r sedan.<\/p>\n<p>\u201dBlack Rabbit\u201d (Netflix)<\/p>\n<p><img loading=\"lazy\" decoding=\"async\" alt=\"YouTube video\" width=\"480\" height=\"360\" data-pin-nopin=\"true\" nopin=\"nopin\" class=\"perfmatters-lazy\" src=\"https:\/\/www.europesays.com\/se\/wp-content\/uploads\/2025\/08\/1756615943_590_hqdefault.jpg\"\/><\/p>\n<p>Starka \u201dOzark\u201d-vibbar blandas med det hektiska tempot i \u201dUncut Gems\u201d \u2013 och alla som f\u00f6rv\u00e4ntar sig n\u00e5got\u00a0v\u00e4lspelat och riktigt sp\u00e4nnande, kommer att f\u00e5 precis det. Tv\u00e5 brorsor blir skyldiga helt fel folk v\u00e4ldigt mycket pengar och sedan sp\u00e5rar b\u00e5das liv ut helt och h\u00e5llet.<\/p>\n<p>N\u00e4r vi tittare f\u00f6rst\u00e5r det d\u00e4r speciella bandet mellan <strong>Jude Laws<\/strong> och <strong>Jason Batemans<\/strong> b\u00e5da br\u00f6der i serien, blir deras st\u00e4ndigt v\u00e4xande desperation och vilja att \u00f6verleva n\u00e5got som suddar ut alla m\u00f6jliga slags gr\u00e4nser. Oavsett hur m\u00e5nga oskyldiga som skadas l\u00e4ngs v\u00e4gen.  <\/p>\n<p>\u201dDeath by Lightning\u201d (Netflix)<\/p>\n<p><img loading=\"lazy\" decoding=\"async\" alt=\"YouTube video\" width=\"480\" height=\"360\" data-pin-nopin=\"true\" nopin=\"nopin\" class=\"perfmatters-lazy\" src=\"https:\/\/www.europesays.com\/se\/wp-content\/uploads\/2025\/11\/1763694205_618_hqdefault.jpg\"\/><\/p>\n<p>James Garfield blev i slutet av 1800-talet nominerad till presidentvalet i USA \u2013 mot sin vilja \u2013 och sk\u00f6ts efter mindre \u00e4n ett halv\u00e5r p\u00e5 posten. F\u00f6r han vann ju givetvis valet sedan. L\u00e5ter det osannolikt? Miniserien \u00e4r faktiskt baserad p\u00e5 verkliga h\u00e4ndelser och f\u00f6ljer b\u00e5de Garfield och mannen som i slut\u00e4ndan blir den att skjuta honom. <\/p>\n<p><strong>Michael Shannon<\/strong>, <strong>Matthew Macfadyen<\/strong> och <strong>Nick Offerman<\/strong> spelar n\u00e5gra grymma huvudroller. \u201dGame of Thrones\u201d-skaparna har producerat serien och uppenbarligen skrapat ihop en grym budget, f\u00f6r serien ser otroligt snygg ut.<\/p>\n<p>\u201dDope Thief\u201d (Apple TV)<\/p>\n<p><img loading=\"lazy\" decoding=\"async\" alt=\"YouTube video\" width=\"480\" height=\"360\" data-pin-nopin=\"true\" nopin=\"nopin\" class=\"perfmatters-lazy\" src=\"https:\/\/www.europesays.com\/se\/wp-content\/uploads\/2025\/11\/1763883820_647_hqdefault.jpg\"\/><\/p>\n<p>H\u00e4r har vi en av mina favoriter n\u00e4r det kommer till hela \u00e5rets serier. F\u00f6rutom att den tog slut en aning f\u00f6r fort p\u00e5 slutet. \u201dDope Thief\u201d f\u00f6ljer tv\u00e5 barndomsv\u00e4nner som f\u00f6rs\u00f6rjer sig genom att r\u00e5na knarklangare if\u00f6rda DEA-kl\u00e4der. De kliver helt enkelt in och beslagtar pengarna och l\u00e5ter skurkarna komma undan med en varning. <\/p>\n<p>L\u00e4s ocks\u00e5: <a href=\"https:\/\/www.moviezine.se\/nyheter\/brian-tyree-henry-intervju-dope-thief-apple-tv-plus-miniserie\" title=\"Panikartad sp\u00e4nning med Brian Tyree Henry: \u201dSpringer f\u00f6r sitt liv\u201d\" class=\"underline-custom !font-montserrat !font-bold !underline-offset-4 !decoration-4 !decoration-moviezine-green !text-md\" rel=\"nofollow noopener\" target=\"_blank\">Panikartad sp\u00e4nning med Brian Tyree Henry: \u201dSpringer f\u00f6r sitt liv\u201d<\/a><\/p>\n<p>Tills de r\u00e5kar r\u00e5na fel st\u00e4lle givetvis. Pl\u00f6tsligt har man b\u00e5de kartellen och riktiga FBI efter sig i en helt otrolig miniserie som h\u00e5ller fr\u00e5n f\u00f6rsta minut till typ sista kvarten (enligt mig). <strong>Brian Tyree Henry<\/strong> knep till och med en Emmynominering f\u00f6r sin insats i serien, vilket han verkligen var v\u00e4rd. Vid sin sida hade han \u00e4ven <strong>Wagner Moura<\/strong> som imponerar ocks\u00e5. Piloten regisserades f\u00f6r \u00f6vrigt av <strong>Ridley Scott<\/strong>! S\u00e5 ge \u00e5tminstone den en chans \u2013 och pl\u00f6tsligt kommer du ha sett klart alla andra avsnitt ocks\u00e5.<\/p>\n<p>\u201dDying for Sex\u201d (Disney+)<\/p>\n<p><img loading=\"lazy\" decoding=\"async\" alt=\"YouTube video\" width=\"480\" height=\"360\" data-pin-nopin=\"true\" nopin=\"nopin\" class=\"perfmatters-lazy\" src=\"https:\/\/www.europesays.com\/se\/wp-content\/uploads\/2025\/11\/1763883820_969_hqdefault.jpg\"\/><\/p>\n<p>Bara faktumet att en tv-serie om en cancersjuk kvinnas sista tid i livet kan f\u00e5 en att b\u00e5de gapskratta och tjuta, om vartannat, \u00e4r sjukt imponerande. Men sedan g\u00f6r ju\u00a0<strong>Michelle Williams<\/strong>\u00a0sitt livs b\u00e4sta roll ocks\u00e5. Och d\u00e5 har hon trots allt redan Oscarsnominerats fem g\u00e5nger innan f\u00f6r sitt grymma sk\u00e5despel.\u00a0<\/p>\n<p>H\u00e4r spelar hon Molly, som v\u00e4ljer att l\u00e4mna sin make f\u00f6r att utforska sin sexualitet under den sista lilla tid hon har kvar i livet. I min recension av \u201dDying for Sex\u201d s\u00e5 knep serien full pott, s\u00e5 det var v\u00e4ldigt n\u00e4ra att den lyckades plocka hem en \u00e4nnu h\u00f6gre placering h\u00e4r.<\/p>\n<p>\u201dMonster: The Ed Gein Story\u201d (Netflix)<\/p>\n<p><img loading=\"lazy\" decoding=\"async\" alt=\"YouTube video\" width=\"480\" height=\"360\" data-pin-nopin=\"true\" nopin=\"nopin\" class=\"perfmatters-lazy\" src=\"https:\/\/www.europesays.com\/se\/wp-content\/uploads\/2025\/09\/1759074075_145_hqdefault.jpg\"\/><\/p>\n<p>Den frist\u00e5ende tredje s\u00e4songen av \u201dMonster\u201d hos Netflix, f\u00f6ljer denna g\u00e5ngen ber\u00e4ttelsen om m\u00f6rdaren Ed Gein. Serien \u00e4r skapad av Ryan Murphy och har under den h\u00e4r s\u00e4songen haft Charlie Hunnam i den hemska huvudrollen. Gein har inspirerat skr\u00e4ck-karakt\u00e4rer som Norman Bates, Leatherface och Buffalo Bill, men d\u00e4r hans mord skedde p\u00e5 riktigt. <\/p>\n<p>Det h\u00e4r \u00e4r med andra ord inte en miniserie f\u00f6r tittare som \u00e4r \u00e4ckelmagade, med tanke p\u00e5 hur hemska morden trots allt \u00e4r. Men om du i vanliga fall inte kan f\u00e5 nog av true crime-serier, s\u00e5 blir det inte mycket b\u00e4ttre sk\u00e5despel \u00e4n i denna.<\/p>\n<p>\u201dThe Girlfriend\u201d (Prime Video)<\/p>\n<p><img loading=\"lazy\" decoding=\"async\" alt=\"YouTube video\" width=\"480\" height=\"360\" data-pin-nopin=\"true\" nopin=\"nopin\" class=\"perfmatters-lazy\" src=\"https:\/\/www.europesays.com\/se\/wp-content\/uploads\/2025\/11\/1763883821_589_hqdefault.jpg\"\/><\/p>\n<p>L\u00e4s ocks\u00e5: <a href=\"https:\/\/www.moviezine.se\/nyheter\/the-girlfriend-olivia-cooke-laurie-davidson-intervju-prime-video\" title=\"Olivia Cooke om galna serien \u201dThe Girlfriend\u201d: \u201dBlir aldrig tr\u00e5kigt\u201d\" class=\"underline-custom !font-montserrat !font-bold !underline-offset-4 !decoration-4 !decoration-moviezine-green !text-md\" rel=\"nofollow noopener\" target=\"_blank\">Olivia Cooke om galna serien \u201dThe Girlfriend\u201d: \u201dBlir aldrig tr\u00e5kigt\u201d<\/a><\/p>\n<p><strong>Olivia Cook<\/strong> och <strong>Robin Wright<\/strong> p\u00e5 kollisionskurs i \u201dThe Girlfriend\u201d blev mer underh\u00e5llande \u00e4n jag f\u00f6rst hade v\u00e4ntat mig. H\u00e4r har vi en serie som st\u00e4ller mamman till en vuxen son och hans nya flickv\u00e4n p\u00e5 varsin sida om vad som anses vara b\u00e4st f\u00f6r honom. \u00c4r det mamman som \u00e4r f\u00f6r \u00f6verbeskyddande eller flickv\u00e4nnen som \u00e4r ett d\u00e5ligt inflytande? Det resulterar i alla fall i underh\u00e5llande galenskap.<\/p>\n<p>\u201dTrol\u00f6sa\u201d (SVT Play)<\/p>\n<p><img loading=\"lazy\" decoding=\"async\" alt=\"YouTube video\" width=\"480\" height=\"360\" data-pin-nopin=\"true\" nopin=\"nopin\" class=\"perfmatters-lazy\" src=\"https:\/\/www.europesays.com\/se\/wp-content\/uploads\/2025\/11\/1763883822_691_hqdefault.jpg\"\/><\/p>\n<p>2025 \u00f6ppnade starkt med den svenska miniserien \u201dTrol\u00f6sa\u201d. F\u00f6r 25 \u00e5r sedan hade l\u00e5ngfilmen regisserad av <strong>Liv Ullmann<\/strong>, med ett manus av <strong>Ingmar Bergman<\/strong>, premi\u00e4r. Nu var det ist\u00e4llet dags f\u00f6r sk\u00e5despelarna <strong>Gustav Lindh<\/strong>, <strong>Frida Gustavsson<\/strong> och <strong>August Wittgenstein<\/strong> att regisseras av <strong>Tomas Alfredson<\/strong> i ett starkt och r\u00f6rande triangeldrama. <\/p>\n<p>L\u00e4s ocks\u00e5: <a href=\"https:\/\/www.moviezine.se\/nyheter\/trolosa-frida-gustavsson-gustav-lindh-svt\" title=\"L\u00e4r k\u00e4nna \u201dTrol\u00f6sa\u201d-sk\u00e5despelarna: \u201dVi \u00e4r totala filmn\u00f6rdar och filmslukare b\u00e5da tv\u00e5\u201d\" class=\"underline-custom !font-montserrat !font-bold !underline-offset-4 !decoration-4 !decoration-moviezine-green !text-md\" rel=\"nofollow noopener\" target=\"_blank\">L\u00e4r k\u00e4nna \u201dTrol\u00f6sa\u201d-sk\u00e5despelarna: \u201dVi \u00e4r totala filmn\u00f6rdar och filmslukare b\u00e5da tv\u00e5\u201d<\/a><\/p>\n<p>F\u00f6r mig \u00e4r det \u00e5rets b\u00e4sta svenska sk\u00e5despel vi f\u00e5r se i miniserien, vilket \u00e4ven resulterade i <a href=\"https:\/\/www.moviezine.se\/recensioner\/smartsamt-om-otrohet-och-den-manliga-blicken\" rel=\"nofollow noopener\" target=\"_blank\">full pott n\u00e4r serien recenserades h\u00e4r hos MovieZine<\/a>.<\/p>\n<p>Miniserier som n\u00e4stan tog sig in i toppen h\u00e4r ovan:<\/p>\n<p><img loading=\"lazy\" decoding=\"async\" alt=\"YouTube video\" width=\"480\" height=\"360\" data-pin-nopin=\"true\" nopin=\"nopin\" class=\"perfmatters-lazy\" src=\"https:\/\/www.europesays.com\/se\/wp-content\/uploads\/2025\/11\/1763883822_14_hqdefault.jpg\"\/><\/p>\n<p>Det finns givetvis m\u00e4ngder med fler miniserier fr\u00e5n 2025, m\u00e5nga som kunnat platsa h\u00e4r i toppen p\u00e5 listan. H\u00e4r \u00e4r sex stycken som jag sett och i alla fall funderade \u00f6ver att s\u00e4tta p\u00e5 listan \u00f6ver de tio starkaste fr\u00e5n \u00e5ret: \u201dLockerbie: A Search for Truth\u201d (SkyShowtime), \u201dToxic Town\u201d (Netflix), \u201dSirens\u201d (Netflix), \u201dThe Better Sister\u201d (Prime Video), \u201dThe Terminal List: Dark Wolf\u201d (Prime Video) och \u201dKoka bj\u00f6rn\u201d (s\u00e4song 1, Disney+).<\/p>\n<p>L\u00e4s ocks\u00e5: <a href=\"https:\/\/www.moviezine.se\/nyheter\/game-of-thrones-skaparnas-nya-serie-gor-succe-90-i-betyg-pa-rotten-tomatoes\" title=\"\u201dGame of Thrones\u201d-skaparnas nya serie g\u00f6r succ\u00e9 \u2013 90% i betyg p\u00e5 Rotten Tomatoes\" class=\"underline-custom !font-montserrat !font-bold !underline-offset-4 !decoration-4 !decoration-moviezine-green !text-md\" rel=\"nofollow noopener\" target=\"_blank\">\u201dGame of Thrones\u201d-skaparnas nya serie g\u00f6r succ\u00e9 \u2013 90% i betyg p\u00e5 Rotten Tomatoes<\/a><\/p>\n<p>L\u00e4s ocks\u00e5: <a href=\"https:\/\/www.moviezine.se\/nyheter\/jacob-elordis-fangslande-andra-varldskriget-serie-ar-en-kroppslig-upplevelse\" title=\"Jacob Elordis f\u00e4ngslande andra v\u00e4rldskriget-serie \u00e4r en kroppslig upplevelse\" class=\"underline-custom !font-montserrat !font-bold !underline-offset-4 !decoration-4 !decoration-moviezine-green !text-md\" rel=\"nofollow noopener\" target=\"_blank\">Jacob Elordis f\u00e4ngslande andra v\u00e4rldskriget-serie \u00e4r en kroppslig upplevelse<\/a><\/p>\n<p>\u201dTask\u201d och \u201dAlien: Earth\u201d har b\u00e5da nyligen blivit f\u00f6rnyade med nya s\u00e4songer, s\u00e5 de f\u00e5r inte l\u00e4ngre titulera sig som miniserier. Hyllade \u201dThe Narrow Road to the Deep North\u201d har bara visats p\u00e5 Stockholms filmfestival h\u00e4r i Sverige, s\u00e5 den r\u00e4knar jag inte heller \u00e5rets nya tv-serier i v\u00e5rt omr\u00e5de. D\u00e4rav saknas alla dessa tre serier fr\u00e5n listan!<\/p>\n<p><strong>Nu \u00e5terst\u00e5r det bara att se vilka grymma miniserier som kommer att imponera p\u00e5 oss under 2026?<\/strong><\/p>\n","protected":false},"excerpt":{"rendered":"Vi n\u00e4rmar oss redan slutet av 2025, tro det eller ej. Det kan s\u00e4kert dyka upp n\u00e5gon till&hellip;\n","protected":false},"author":2,"featured_media":87428,"comment_status":"","ping_status":"","sticky":false,"template":"","format":"standard","meta":{"footnotes":""},"categories":[67],"tags":[9615,104,34,2032,31,33,32,30,105],"class_list":{"0":"post-87427","1":"post","2":"type-post","3":"status-publish","4":"format-standard","5":"has-post-thumbnail","7":"category-underhallning","8":"tag-arslista-2025","9":"tag-entertainment","10":"tag-se","11":"tag-streamingtips","12":"tag-svenska","13":"tag-sverige","14":"tag-sweden","15":"tag-swedish","16":"tag-underhallning"},"share_on_mastodon":{"url":"https:\/\/pubeurope.com\/@se\/115597896180153255","error":""},"_links":{"self":[{"href":"https:\/\/www.europesays.com\/se\/wp-json\/wp\/v2\/posts\/87427","targetHints":{"allow":["GET"]}}],"collection":[{"href":"https:\/\/www.europesays.com\/se\/wp-json\/wp\/v2\/posts"}],"about":[{"href":"https:\/\/www.europesays.com\/se\/wp-json\/wp\/v2\/types\/post"}],"author":[{"embeddable":true,"href":"https:\/\/www.europesays.com\/se\/wp-json\/wp\/v2\/users\/2"}],"replies":[{"embeddable":true,"href":"https:\/\/www.europesays.com\/se\/wp-json\/wp\/v2\/comments?post=87427"}],"version-history":[{"count":0,"href":"https:\/\/www.europesays.com\/se\/wp-json\/wp\/v2\/posts\/87427\/revisions"}],"wp:featuredmedia":[{"embeddable":true,"href":"https:\/\/www.europesays.com\/se\/wp-json\/wp\/v2\/media\/87428"}],"wp:attachment":[{"href":"https:\/\/www.europesays.com\/se\/wp-json\/wp\/v2\/media?parent=87427"}],"wp:term":[{"taxonomy":"category","embeddable":true,"href":"https:\/\/www.europesays.com\/se\/wp-json\/wp\/v2\/categories?post=87427"},{"taxonomy":"post_tag","embeddable":true,"href":"https:\/\/www.europesays.com\/se\/wp-json\/wp\/v2\/tags?post=87427"}],"curies":[{"name":"wp","href":"https:\/\/api.w.org\/{rel}","templated":true}]}}