{"id":87460,"date":"2025-11-23T09:05:15","date_gmt":"2025-11-23T09:05:15","guid":{"rendered":"https:\/\/www.europesays.com\/se\/87460\/"},"modified":"2025-11-23T09:05:15","modified_gmt":"2025-11-23T09:05:15","slug":"sitter-karlin-sakert-i-modo-inte-bara-att-sparka","status":"publish","type":"post","link":"https:\/\/www.europesays.com\/se\/87460\/","title":{"rendered":"Sitter Karlin s\u00e4kert i MoDo? &#8221;Inte bara att sparka&#8221;"},"content":{"rendered":"<p><strong>Trots en andraplats i den allsvenska tabellen \u00e4r missn\u00f6jet tydligt i <a href=\"https:\/\/hockeysverige.se\/klubb\/modo-hockey\/\" rel=\"nofollow noopener\" target=\"_blank\">MoDo<\/a>. Nu menar Henrik Gradin att man inte l\u00e4ngre kan ge det tid. <br \/>\u2013\u00a0Det \u00e4r inte bara att sparka spelare eller tr\u00e4nare, s\u00e5 \u00e4r problemen l\u00f6sta, s\u00e4ger sportchefen till <a href=\"https:\/\/www.allehanda.se\/2025-11-22\/nu-gar-det-inte-att-prata-langre\/\" rel=\"nofollow noopener\" target=\"_blank\">\u00d6A. <\/a><\/strong><\/p>\n<p><img loading=\"lazy\" decoding=\"async\" width=\"1024\" height=\"658\" src=\"https:\/\/www.europesays.com\/se\/wp-content\/uploads\/2025\/11\/Karlin-Gradin-1024x658.webp.webp\" alt=\"\" class=\"wp-image-328637\"  \/>Mattias Karlin och Henrik Gradin, MoDo. <strong>Foto:<\/strong> Bildbyr\u00e5n (montage).<\/p>\n<p>N\u00e4r runt 20 matcher \u00e4r spelade av den hockeyallsvenska s\u00e4songen ligger MoDo tv\u00e5 i tabellen, men gapet upp till den d\u00e4r platsen man g\u00e4rna vill vara p\u00e5 \u00e4r redan hela tio po\u00e4ng. N\u00e5got som dessutom kan bli \u00e4nnu st\u00f6rre om Bj\u00f6rkl\u00f6ven vinner sin h\u00e4ngmatch. <\/p>\n<p>Efter tv\u00e5 raka f\u00f6rluster, mot Karlskoga och Nybro, menar nu Henrik Gradin att det inte l\u00e4ngre g\u00e5r att prata om att MoDo m\u00e5ste ge det tid. <\/p>\n<p>\u2013 Det \u00e4r viktigt att tr\u00e4narna \u00e4r p\u00e5 spelarna och de m\u00e5ste l\u00e4ra sig. L\u00e4roperioden \u00e4r definitivt \u00f6ver. Nu g\u00e5r det inte att bara prata, nu m\u00e5ste det vara handling p\u00e5 saker, s\u00e4ger sportchefen i en intervju med \u00d6rnsk\u00f6ldsviks Allehanda under l\u00f6rdagen. <\/p>\n<p>Gradin menar att s\u00e4ttet man f\u00f6rlorar g\u00f6r mest ont, att det ser \u201dorkesl\u00f6st ut\u201d, och erk\u00e4nner att det \u00e4nnu inte synkar \u2013 trots att vi \u00e4r fyra m\u00e5nader in p\u00e5 s\u00e4songen. <\/p>\n<p>Svaret om Karlin: \u201dInte h\u00f6rt n\u00e5got annat\u201d<\/p>\n<p>MoDo har haft h\u00f6ga f\u00f6rv\u00e4ntningar efter att man trillat ur SHL, och r\u00f6ster har b\u00f6rjat h\u00f6jas kring om huvudtr\u00e4naren Mattias Karlin ska vara kvar. \u201dHinken\u201d menar att det inte l\u00f6ser det faktum att man just nu saknar en tydlig identitet. <\/p>\n<p>\u2013 Ska vi flytta n\u00e5gon spelare eller tr\u00e4nare? Det \u00e4r inte bara att sparka spelare eller tr\u00e4nare, s\u00e5 \u00e4r problemen l\u00f6sta, s\u00e4ger Gradin till \u00d6A och forts\u00e4tter om huruvida det finns f\u00f6rtroende f\u00f6r Karlin i spelargruppen. <br \/>\u2013 Jag har inte h\u00f6rt n\u00e5got annat n\u00e4r jag pratat med spelare efter uppeh\u00e5llet, men jag har inte pratat med ledarna om det. Jag har inte f\u00e5tt till mig att det ska vara n\u00e5gon klinch i gruppen mellan spelare och ledare i alla fall.<\/p>\n<p> Source: <a href=\"https:\/\/www.eliteprospects.com\/league\/hockeyallsvenskan\" target=\"_blank\" rel=\"noopener noreferrer nofollow\">HOCKEYALLSVENSKAN League Page<\/a> @ Elite Prospects<\/p>\n","protected":false},"excerpt":{"rendered":"Trots en andraplats i den allsvenska tabellen \u00e4r missn\u00f6jet tydligt i MoDo. Nu menar Henrik Gradin att man&hellip;\n","protected":false},"author":2,"featured_media":87461,"comment_status":"","ping_status":"","sticky":false,"template":"","format":"standard","meta":{"footnotes":""},"categories":[68],"tags":[34,133,111,110,31,33,32,30],"class_list":{"0":"post-87460","1":"post","2":"type-post","3":"status-publish","4":"format-standard","5":"has-post-thumbnail","7":"category-sport","8":"tag-se","9":"tag-second-news","10":"tag-sport","11":"tag-sports","12":"tag-svenska","13":"tag-sverige","14":"tag-sweden","15":"tag-swedish"},"share_on_mastodon":{"url":"https:\/\/pubeurope.com\/@se\/115598218123887938","error":""},"_links":{"self":[{"href":"https:\/\/www.europesays.com\/se\/wp-json\/wp\/v2\/posts\/87460","targetHints":{"allow":["GET"]}}],"collection":[{"href":"https:\/\/www.europesays.com\/se\/wp-json\/wp\/v2\/posts"}],"about":[{"href":"https:\/\/www.europesays.com\/se\/wp-json\/wp\/v2\/types\/post"}],"author":[{"embeddable":true,"href":"https:\/\/www.europesays.com\/se\/wp-json\/wp\/v2\/users\/2"}],"replies":[{"embeddable":true,"href":"https:\/\/www.europesays.com\/se\/wp-json\/wp\/v2\/comments?post=87460"}],"version-history":[{"count":0,"href":"https:\/\/www.europesays.com\/se\/wp-json\/wp\/v2\/posts\/87460\/revisions"}],"wp:featuredmedia":[{"embeddable":true,"href":"https:\/\/www.europesays.com\/se\/wp-json\/wp\/v2\/media\/87461"}],"wp:attachment":[{"href":"https:\/\/www.europesays.com\/se\/wp-json\/wp\/v2\/media?parent=87460"}],"wp:term":[{"taxonomy":"category","embeddable":true,"href":"https:\/\/www.europesays.com\/se\/wp-json\/wp\/v2\/categories?post=87460"},{"taxonomy":"post_tag","embeddable":true,"href":"https:\/\/www.europesays.com\/se\/wp-json\/wp\/v2\/tags?post=87460"}],"curies":[{"name":"wp","href":"https:\/\/api.w.org\/{rel}","templated":true}]}}