{"id":87517,"date":"2025-11-23T10:16:17","date_gmt":"2025-11-23T10:16:17","guid":{"rendered":"https:\/\/www.europesays.com\/se\/87517\/"},"modified":"2025-11-23T10:16:17","modified_gmt":"2025-11-23T10:16:17","slug":"leksand-kan-varva-manga-tror-att-det-ar-kris","status":"publish","type":"post","link":"https:\/\/www.europesays.com\/se\/87517\/","title":{"rendered":"Leksand kan v\u00e4rva: &#8221;M\u00e5nga tror att det \u00e4r kris&#8221;"},"content":{"rendered":"<p><strong>Leksand befinner sig inte i en ekonomisk kris, menar Thomas Johansson. Under l\u00f6rdagen g\u00e4stade sportchefen TV4 och gav svar kring eventuella v\u00e4rvningar till SHL-truppen. <br \/>\u2013\u00a0Vi hade ett medlemsm\u00f6te idag d\u00e4r vi p\u00e5 n\u00e5got s\u00e4tt g\u00e5r mot v\u00e4ldigt bra siffror, s\u00e4ger han i s\u00e4ndningen. <\/strong><\/p>\n<p><img loading=\"lazy\" decoding=\"async\" width=\"1024\" height=\"658\" src=\"https:\/\/www.europesays.com\/se\/wp-content\/uploads\/2025\/11\/Tjomme-1024x658.webp.webp\" alt=\"\" class=\"wp-image-328542\"  \/>Leksands sportchef Thomas Johansson. <strong>Foto<\/strong>: Bildbyr\u00e5n\/Daniel Eriksson.<\/p>\n<p>Inf\u00f6r l\u00f6rdagens m\u00f6te med serieledande Fr\u00f6lunda hade <a href=\"https:\/\/hockeysverige.se\/klubb\/leksands-if\" rel=\"nofollow noopener\" target=\"_blank\">Leksand<\/a> vunnit tv\u00e5 av tolv matcher. N\u00e5got som f\u00e5tt experterna att reagera och rikta stark kritik \u2013 framf\u00f6rallt mot de ledande spelarna. <\/p>\n<p>Under en av periodpauserna gjorde d\u00e4rf\u00f6r sportchef Thomas Johansson ett framtr\u00e4dande i TV4 f\u00f6r att svara. <\/p>\n<p>\u2013 Vi \u00e4r f\u00f6r tidigt inne p\u00e5 s\u00e4songen. Det \u00e4r klart att vi ligger d\u00e4r vi ligger i tabellen just nu, men att det skulle vara n\u00e5gon stress eller jobbigt, det k\u00e4nner inte vi, s\u00e4ger han och forts\u00e4tter om truppen. <br \/>\u2013\u00a0Tidigare \u00e5r har vi haft m\u00f6jligheten att redan fr\u00e5n start ha h\u00f6g kvalit\u00e9 p\u00e5 v\u00e5r spelartrupp. I \u00e5r har vi beh\u00f6vt t\u00e4nka om lite grann och jobba med att utveckla v\u00e5r trupp under s\u00e4songen p\u00e5 ett annat s\u00e4tt. Det \u00e4r lite den processen vi \u00e4r i. SHL \u00e4r ett maraton och f\u00f6r oss handlar det om att fokusera p\u00e5 de saker vi g\u00f6r bra och beh\u00f6ver utveckla f\u00f6r att gjuta mod i gruppen, s\u00e5 att man inte tappar tron p\u00e5 det. Det \u00e4r det enda n\u00e4r man hamnar d\u00e4r vi \u00e4r, att laget g\u00e5r ner sig, men vi \u00e4r inte stressade. Vi vet att det h\u00e4r kommer ta tid. Vi beh\u00f6ver g\u00f6ra v\u00e5rt lag b\u00e4ttre, och successivt ska vi bli det. Vi ska spela v\u00e5r b\u00e4sta hockey fram p\u00e5 v\u00e5rkanten.\u00a0<\/p>\n<p>Kan v\u00e4rva: \u201dM\u00e5nga tror att det \u00e4r en ekonomisk kris\u201d<\/p>\n<p>Sportchefen f\u00e5r sedan fr\u00e5gan om det finns pengar och m\u00f6jlighet f\u00f6r att f\u00f6rst\u00e4rka det h\u00e4r laget, och d\u00e4rifr\u00e5n kl\u00e4ttra upp fr\u00e5n jumboplatsen. <\/p>\n<p>\u2013 Det g\u00f6r det. Det \u00e4r mer att om vi ska g\u00f6ra n\u00e5got s\u00e5dant ska det vara en spelare som ocks\u00e5 kommer in i toppen. Det ska inte vara n\u00e5gon som kommer fr\u00e5n bredden. D\u00e4r har vi egna unga killar som kan ta dem minuterna. Ska vi g\u00f6ra n\u00e5got s\u00e5 ska vi is\u00e5fall addera n\u00e5gon spelare som verkligen kan g\u00f6ra skillnad i match. Den m\u00e4ngden spelare finns det inte idag ute d\u00e4r. Vi f\u00e5r se hur allt faller l\u00e4ngre in i framtiden, svarar \u201dTjomme\u201d. <\/p>\n<p>Johansson \u00e4r \u00e4ven tydlig med att det inte r\u00e5der en ekonomisk kris i Leksand, trots att det ofta \u00e4r orden som anv\u00e4nds p\u00e5 flera h\u00e5ll. <\/p>\n<p>\u2013\u00a0M\u00e5nga tror att det \u00e4r en ekonomisk kris i Leksand. Det \u00e4r det inte. Vi hade ett medlemsm\u00f6te idag d\u00e4r vi p\u00e5 n\u00e5got s\u00e4tt g\u00e5r mot v\u00e4ldigt bra siffror. Det \u00e4r r\u00e4tt lugnt. Ekonomin \u00e4r under kontroll. Sen har vi haft personalkostnader som har legat under ett antal \u00e5r som vi kanske inte riktigt har klarat att v\u00e4ga upp dem med int\u00e4kterna. D\u00e5 f\u00e5r man ibland s\u00e5dana h\u00e4r \u201dsetbacks\u201d i ekonomin. Det \u00e4r klart. Vi \u00e4r p\u00e5 en annan plats med budgeten i truppen i \u00e5r, men v\u00e5rt m\u00e5l att tro p\u00e5 de h\u00e4r killarna, s\u00e4ger han. <\/p>\n<p> Source: <a href=\"https:\/\/www.eliteprospects.com\/league\/shl\" target=\"_blank\" rel=\"noopener noreferrer nofollow\">SHL League Page<\/a> @ Elite Prospects<\/p>\n","protected":false},"excerpt":{"rendered":"Leksand befinner sig inte i en ekonomisk kris, menar Thomas Johansson. Under l\u00f6rdagen g\u00e4stade sportchefen TV4 och gav&hellip;\n","protected":false},"author":2,"featured_media":87518,"comment_status":"","ping_status":"","sticky":false,"template":"","format":"standard","meta":{"footnotes":""},"categories":[68],"tags":[34,133,111,110,31,33,32,30],"class_list":{"0":"post-87517","1":"post","2":"type-post","3":"status-publish","4":"format-standard","5":"has-post-thumbnail","7":"category-sport","8":"tag-se","9":"tag-second-news","10":"tag-sport","11":"tag-sports","12":"tag-svenska","13":"tag-sverige","14":"tag-sweden","15":"tag-swedish"},"share_on_mastodon":{"url":"https:\/\/pubeurope.com\/@se\/115598497274802601","error":""},"_links":{"self":[{"href":"https:\/\/www.europesays.com\/se\/wp-json\/wp\/v2\/posts\/87517","targetHints":{"allow":["GET"]}}],"collection":[{"href":"https:\/\/www.europesays.com\/se\/wp-json\/wp\/v2\/posts"}],"about":[{"href":"https:\/\/www.europesays.com\/se\/wp-json\/wp\/v2\/types\/post"}],"author":[{"embeddable":true,"href":"https:\/\/www.europesays.com\/se\/wp-json\/wp\/v2\/users\/2"}],"replies":[{"embeddable":true,"href":"https:\/\/www.europesays.com\/se\/wp-json\/wp\/v2\/comments?post=87517"}],"version-history":[{"count":0,"href":"https:\/\/www.europesays.com\/se\/wp-json\/wp\/v2\/posts\/87517\/revisions"}],"wp:featuredmedia":[{"embeddable":true,"href":"https:\/\/www.europesays.com\/se\/wp-json\/wp\/v2\/media\/87518"}],"wp:attachment":[{"href":"https:\/\/www.europesays.com\/se\/wp-json\/wp\/v2\/media?parent=87517"}],"wp:term":[{"taxonomy":"category","embeddable":true,"href":"https:\/\/www.europesays.com\/se\/wp-json\/wp\/v2\/categories?post=87517"},{"taxonomy":"post_tag","embeddable":true,"href":"https:\/\/www.europesays.com\/se\/wp-json\/wp\/v2\/tags?post=87517"}],"curies":[{"name":"wp","href":"https:\/\/api.w.org\/{rel}","templated":true}]}}