{"id":87551,"date":"2025-11-23T11:14:22","date_gmt":"2025-11-23T11:14:22","guid":{"rendered":"https:\/\/www.europesays.com\/se\/87551\/"},"modified":"2025-11-23T11:14:22","modified_gmt":"2025-11-23T11:14:22","slug":"norrkopings-supportrar-kastade-kladerna-befogat","status":"publish","type":"post","link":"https:\/\/www.europesays.com\/se\/87551\/","title":{"rendered":"Norrk\u00f6pings supportrar kastade kl\u00e4derna: &#8221;Befogat&#8221;"},"content":{"rendered":"<p><strong>Efter IFK Norrk\u00f6pings 0\u20133-f\u00f6rlust mot <a href=\"http:\/\/%C3%96rgryte\" rel=\"nofollow\">\u00d6rgryte <\/a>kastade frustrerade supportrar sina bl\u00e5st\u00e4ll mot spelarna .<br \/>Detta \u00e4r ett agerande som lagkapten Christoffer Nyman kallar \u201dbefogat\u201d.<br \/>\u2013 Det \u00e4r helt befogat. Fansen var d\u00e4r f\u00f6r oss, men vi gjorde inte jobbet, s\u00e4ger han till <a href=\"https:\/\/www.expressen.se\/sport\/fotboll\/allsvenskan\/norrkopingfansens-ilska-kastade-kladerna-befogat\/\" rel=\"nofollow noopener\" target=\"_blank\">Expressen.<\/a><\/strong><\/p>\n<p><a href=\"https:\/\/fotbolldirekt.se\/klubb\/ifk-norrkoping\/\" rel=\"nofollow noopener\" target=\"_blank\">IFK Norrk\u00f6ping<\/a> gick in i kvalmatchen p\u00e5 Gamla Ullevi efter sex raka f\u00f6rluster och med en tydlig markering fr\u00e5n l\u00e4ktaren. Supportrarna bar bl\u00e5st\u00e4ll f\u00f6r att symbolisera att jobbet m\u00e5ste g\u00f6ras. Men laget f\u00f6ll tungt med 3\u20130, och kritiken fr\u00e5n b\u00e5de fans och experter blev h\u00e5rd.<\/p>\n<p>Vid slutsignalen m\u00f6ttes spelarna av burop, och supportrarna kastade sina bl\u00e5st\u00e4ll ner p\u00e5 planen n\u00e4r laget gick fram f\u00f6r att tacka. <br \/>Hundratals plagg l\u00e5g kvar efter matchen.<\/p>\n<p>Lagkaptenen <a href=\"https:\/\/fotbolldirekt.se\/spelare\/christoffer-nyman\/\" rel=\"nofollow noopener\" target=\"_blank\">Christoffer Nyman <\/a>hade f\u00f6rst\u00e5else f\u00f6r reaktionen:<\/p>\n<p>\u2013 Det \u00e4r helt befogat. Fansen var d\u00e4r f\u00f6r oss, men vi gjorde inte jobbet. Vi ska \u00e4ndra p\u00e5 det till n\u00e4sta match, s\u00e4ger han.<\/p>\n<p>Inf\u00f6r returen hemma n\u00e4sta l\u00f6rdag m\u00e5ste IFK Norrk\u00f6ping v\u00e4nda ett trem\u00e5lsunderl\u00e4ge f\u00f6r att undvika degradering till superettan.<br \/>\u2013 Det \u00e4r inte slut \u00e4n, vi ska g\u00f6ra det mycket b\u00e4ttre p\u00e5 hemmaplan, s\u00e4ger Nyman.<\/p>\n","protected":false},"excerpt":{"rendered":"Efter IFK Norrk\u00f6pings 0\u20133-f\u00f6rlust mot \u00d6rgryte kastade frustrerade supportrar sina bl\u00e5st\u00e4ll mot spelarna .Detta \u00e4r ett agerande som&hellip;\n","protected":false},"author":2,"featured_media":87552,"comment_status":"","ping_status":"","sticky":false,"template":"","format":"standard","meta":{"footnotes":""},"categories":[5],"tags":[22,23,26,27,17,21,24,25,28,29,15,16,947,18,34,31,33,32,30,19,20],"class_list":{"0":"post-87551","1":"post","2":"type-post","3":"status-publish","4":"format-standard","5":"has-post-thumbnail","7":"category-rubriker","8":"tag-breaking-news","9":"tag-breakingnews","10":"tag-featured-news","11":"tag-featurednews","12":"tag-headlines","13":"tag-huvudnyheter","14":"tag-latest-news","15":"tag-latestnews","16":"tag-main-news","17":"tag-mainnews","18":"tag-news","19":"tag-nyheter","20":"tag-paket-blocket","21":"tag-rubriker","22":"tag-se","23":"tag-svenska","24":"tag-sverige","25":"tag-sweden","26":"tag-swedish","27":"tag-top-stories","28":"tag-topstories"},"share_on_mastodon":{"url":"https:\/\/pubeurope.com\/@se\/115598725264896285","error":""},"_links":{"self":[{"href":"https:\/\/www.europesays.com\/se\/wp-json\/wp\/v2\/posts\/87551","targetHints":{"allow":["GET"]}}],"collection":[{"href":"https:\/\/www.europesays.com\/se\/wp-json\/wp\/v2\/posts"}],"about":[{"href":"https:\/\/www.europesays.com\/se\/wp-json\/wp\/v2\/types\/post"}],"author":[{"embeddable":true,"href":"https:\/\/www.europesays.com\/se\/wp-json\/wp\/v2\/users\/2"}],"replies":[{"embeddable":true,"href":"https:\/\/www.europesays.com\/se\/wp-json\/wp\/v2\/comments?post=87551"}],"version-history":[{"count":0,"href":"https:\/\/www.europesays.com\/se\/wp-json\/wp\/v2\/posts\/87551\/revisions"}],"wp:featuredmedia":[{"embeddable":true,"href":"https:\/\/www.europesays.com\/se\/wp-json\/wp\/v2\/media\/87552"}],"wp:attachment":[{"href":"https:\/\/www.europesays.com\/se\/wp-json\/wp\/v2\/media?parent=87551"}],"wp:term":[{"taxonomy":"category","embeddable":true,"href":"https:\/\/www.europesays.com\/se\/wp-json\/wp\/v2\/categories?post=87551"},{"taxonomy":"post_tag","embeddable":true,"href":"https:\/\/www.europesays.com\/se\/wp-json\/wp\/v2\/tags?post=87551"}],"curies":[{"name":"wp","href":"https:\/\/api.w.org\/{rel}","templated":true}]}}