{"id":87655,"date":"2025-11-23T14:05:17","date_gmt":"2025-11-23T14:05:17","guid":{"rendered":"https:\/\/www.europesays.com\/se\/87655\/"},"modified":"2025-11-23T14:05:17","modified_gmt":"2025-11-23T14:05:17","slug":"minisforum-lanserar-ms-02-ultra-globalt-med-25-gbps-ethernet-och-upp-till-192-gb-ram","status":"publish","type":"post","link":"https:\/\/www.europesays.com\/se\/87655\/","title":{"rendered":"Minisforum lanserar MS-02 Ultra globalt med 25 Gbps Ethernet och upp till 192 GB RAM"},"content":{"rendered":"<p class=\"bodytext\">F\u00f6r n\u00e4rvarande b\u00f6rjar MS-02 Ultra p\u00e5 $949 som en barebone-enhet med en <a href=\"http:\/\/www.notebookcheck.net\/Intel-Core-Ultra-9-275HX-Processor-Benchmarks-and-Specs.943094.0.html\" target=\"_self\" rel=\"nofollow noopener\">Core Ultra 9 275HX<\/a> processor innan du till\u00e4mpar en rabatt p\u00e5 $ 50 i kassan med koden MS0250. Men en billigare <a href=\"http:\/\/www.notebookcheck.net\/Intel-Core-Ultra-5-235HX-Processor-Benchmarks-and-Specs.943343.0.html\" target=\"_self\" rel=\"nofollow noopener\">Core Ultra 5 235HX<\/a> variant kommer s\u00e5 sm\u00e5ningom att finnas tillg\u00e4nglig f\u00f6r $ 719. Under tiden kommer <a href=\"http:\/\/www.notebookcheck.net\/Intel-Core-Ultra-9-285HX-Processor-Benchmarks-and-Specs.943081.0.html\" target=\"_self\" rel=\"nofollow noopener\">Core Ultra 9 285HX<\/a> alternativet b\u00f6rjar p\u00e5 1 119 $ och stiger till 2 899 $ med 192 GB ECC RAM och en 2 TB SSD. Observera att endast <a href=\"http:\/\/www.notebookcheck.net\/Intel-Core-Ultra-9-285HX-Processor-Benchmarks-and-Specs.943081.0.html\" target=\"_self\" rel=\"nofollow noopener\">Core Ultra 9 285HX<\/a> varianterna inneh\u00e5ller dubbla 25 Gbps Ethernet-portar.<\/p>\n<p class=\"bodytext\">\u00c4ven andra funktioner som ECC RAM-st\u00f6d \u00e4r exklusiva f\u00f6r Ultra 9 285HX-versioner. Se bilden nedan f\u00f6r fler skillnader. Som alltid erbjuder Minisforum sin nya utg\u00e5va i fler l\u00e4nder \u00e4n bara USA. Till exempel kan MS-02 Ultra redan f\u00f6rbest\u00e4llas p\u00e5 <a href=\"https:\/\/au.minisforum.com\/products\/minisforum-ms-02-ultra\" target=\"_blank\" rel=\"nofollow noopener\">Australien<\/a>, <a href=\"https:\/\/ca.minisforum.com\/products\/minisforum-ms-02-ultra\" target=\"_blank\" rel=\"nofollow noopener\">Kanada<\/a>, <a href=\"https:\/\/minisforumpc.eu\/products\/minisforum-ms-02-ultra-workstation\" target=\"_blank\" rel=\"nofollow noopener\">EU<\/a> och <a href=\"https:\/\/www.minisforum.uk\/products\/minisforum-ms-02-ultra\" target=\"_blank\" rel=\"nofollow noopener\">Storbritannien<\/a>bland andra marknader. V\u00e4nligen se <a href=\"https:\/\/store.minisforum.com\/products\/minisforum-ms-02-ultra\" target=\"_blank\" rel=\"nofollow noopener\">Minisforums webbplats<\/a> f\u00f6r mer information.<\/p>\n","protected":false},"excerpt":{"rendered":"F\u00f6r n\u00e4rvarande b\u00f6rjar MS-02 Ultra p\u00e5 $949 som en barebone-enhet med en Core Ultra 9 275HX processor innan&hellip;\n","protected":false},"author":2,"featured_media":87656,"comment_status":"","ping_status":"","sticky":false,"template":"","format":"standard","meta":{"footnotes":""},"categories":[66],"tags":[7083,9638,9639,9640,7084,9641,7080,7403,9636,9637,7404,7085,80,78,79,34,31,33,32,30,81,84,83,82],"class_list":{"0":"post-87655","1":"post","2":"type-post","3":"status-publish","4":"format-standard","5":"has-post-thumbnail","7":"category-vetenskap-och-teknik","8":"tag-barbar-dator","9":"tag-intel-core-ultra-5-235hx","10":"tag-intel-core-ultra-9-275hx","11":"tag-intel-core-ultra-9-285hx","12":"tag-laptop","13":"tag-mini-arbetsstation","14":"tag-mini-pc","15":"tag-minisforum","16":"tag-minisforum-ms-02","17":"tag-minisforum-ms-02-ultra","18":"tag-ms-02-ultra","19":"tag-notebook","20":"tag-science","21":"tag-science-and-technology","22":"tag-scienceandtechnology","23":"tag-se","24":"tag-svenska","25":"tag-sverige","26":"tag-sweden","27":"tag-swedish","28":"tag-technology","29":"tag-teknik","30":"tag-vetenskap","31":"tag-vetenskapteknik"},"share_on_mastodon":{"url":"https:\/\/pubeurope.com\/@se\/115599397628681060","error":""},"_links":{"self":[{"href":"https:\/\/www.europesays.com\/se\/wp-json\/wp\/v2\/posts\/87655","targetHints":{"allow":["GET"]}}],"collection":[{"href":"https:\/\/www.europesays.com\/se\/wp-json\/wp\/v2\/posts"}],"about":[{"href":"https:\/\/www.europesays.com\/se\/wp-json\/wp\/v2\/types\/post"}],"author":[{"embeddable":true,"href":"https:\/\/www.europesays.com\/se\/wp-json\/wp\/v2\/users\/2"}],"replies":[{"embeddable":true,"href":"https:\/\/www.europesays.com\/se\/wp-json\/wp\/v2\/comments?post=87655"}],"version-history":[{"count":0,"href":"https:\/\/www.europesays.com\/se\/wp-json\/wp\/v2\/posts\/87655\/revisions"}],"wp:featuredmedia":[{"embeddable":true,"href":"https:\/\/www.europesays.com\/se\/wp-json\/wp\/v2\/media\/87656"}],"wp:attachment":[{"href":"https:\/\/www.europesays.com\/se\/wp-json\/wp\/v2\/media?parent=87655"}],"wp:term":[{"taxonomy":"category","embeddable":true,"href":"https:\/\/www.europesays.com\/se\/wp-json\/wp\/v2\/categories?post=87655"},{"taxonomy":"post_tag","embeddable":true,"href":"https:\/\/www.europesays.com\/se\/wp-json\/wp\/v2\/tags?post=87655"}],"curies":[{"name":"wp","href":"https:\/\/api.w.org\/{rel}","templated":true}]}}