{"id":87815,"date":"2025-11-23T17:39:13","date_gmt":"2025-11-23T17:39:13","guid":{"rendered":"https:\/\/www.europesays.com\/se\/87815\/"},"modified":"2025-11-23T17:39:13","modified_gmt":"2025-11-23T17:39:13","slug":"nedstangningen-av-usa-kostade-105-miljarder","status":"publish","type":"post","link":"https:\/\/www.europesays.com\/se\/87815\/","title":{"rendered":"Nedst\u00e4ngningen av USA kostade 105 miljarder"},"content":{"rendered":"<p>Den rekordl\u00e5nga nedst\u00e4ngningen p\u00e5 43 dagar har kostat USA 11 miljarder dollar, motsvarande 105 miljarder kronor, s\u00e4ger finansminister Scott Bessent till NBC News. \u00c4ven om r\u00e4ntek\u00e4nsliga delar av ekonomin s\u00e5som bostadsmarknaden har varit i recession \u00e4r han optimistisk till tillv\u00e4xten i hela ekonomin.<\/p>\n<p>\u2013 Jag \u00e4r v\u00e4ldigt optimistisk inf\u00f6r 2026, s\u00e4ger finansministern i intervjun.<\/p>\n<p>Han h\u00e4nvisar bland annat till president Trumps budgetpaket som kommer att ge amerikaner mer i pl\u00e5nboken efter ny\u00e5r och handelsavtalen som kommer att g\u00f6ra att \u201dfabriker \u00f6ppnar varje vecka\u201d i USA.<\/p>\n<p>Omni \u00e4r politiskt obundna och oberoende. Vi str\u00e4var efter att ge fler perspektiv p\u00e5 nyheterna. Har du fr\u00e5gor eller synpunkter kring v\u00e5r rapportering? <a href=\"https:\/\/omni.se\/bessent-nedstangningen-av-usa-kostade-105-miljarder\/a\/mailto:redaktion@omni.se\" class=\"ArticleActions_contactLink__W2F1M\" rel=\"nofollow noopener\" target=\"_blank\">Kontakta redaktionen<\/a><\/p>\n","protected":false},"excerpt":{"rendered":"Den rekordl\u00e5nga nedst\u00e4ngningen p\u00e5 43 dagar har kostat USA 11 miljarder dollar, motsvarande 105 miljarder kronor, s\u00e4ger finansminister&hellip;\n","protected":false},"author":2,"featured_media":87816,"comment_status":"","ping_status":"","sticky":false,"template":"","format":"standard","meta":{"footnotes":""},"categories":[65],"tags":[75,387,72,385,70,71,268,2581,34,31,33,32,30,74],"class_list":{"0":"post-87815","1":"post","2":"type-post","3":"status-publish","4":"format-standard","5":"has-post-thumbnail","7":"category-ekonomi","8":"tag-amerikansk-ekonomi","9":"tag-amerikansk-politik","10":"tag-business","11":"tag-donald-trump","12":"tag-economy","13":"tag-ekonomi","14":"tag-nordamerika","15":"tag-scott-bessent","16":"tag-se","17":"tag-svenska","18":"tag-sverige","19":"tag-sweden","20":"tag-swedish","21":"tag-usa"},"share_on_mastodon":{"url":"https:\/\/pubeurope.com\/@se\/115600239061748243","error":""},"_links":{"self":[{"href":"https:\/\/www.europesays.com\/se\/wp-json\/wp\/v2\/posts\/87815","targetHints":{"allow":["GET"]}}],"collection":[{"href":"https:\/\/www.europesays.com\/se\/wp-json\/wp\/v2\/posts"}],"about":[{"href":"https:\/\/www.europesays.com\/se\/wp-json\/wp\/v2\/types\/post"}],"author":[{"embeddable":true,"href":"https:\/\/www.europesays.com\/se\/wp-json\/wp\/v2\/users\/2"}],"replies":[{"embeddable":true,"href":"https:\/\/www.europesays.com\/se\/wp-json\/wp\/v2\/comments?post=87815"}],"version-history":[{"count":0,"href":"https:\/\/www.europesays.com\/se\/wp-json\/wp\/v2\/posts\/87815\/revisions"}],"wp:featuredmedia":[{"embeddable":true,"href":"https:\/\/www.europesays.com\/se\/wp-json\/wp\/v2\/media\/87816"}],"wp:attachment":[{"href":"https:\/\/www.europesays.com\/se\/wp-json\/wp\/v2\/media?parent=87815"}],"wp:term":[{"taxonomy":"category","embeddable":true,"href":"https:\/\/www.europesays.com\/se\/wp-json\/wp\/v2\/categories?post=87815"},{"taxonomy":"post_tag","embeddable":true,"href":"https:\/\/www.europesays.com\/se\/wp-json\/wp\/v2\/tags?post=87815"}],"curies":[{"name":"wp","href":"https:\/\/api.w.org\/{rel}","templated":true}]}}