{"id":87827,"date":"2025-11-23T18:00:12","date_gmt":"2025-11-23T18:00:12","guid":{"rendered":"https:\/\/www.europesays.com\/se\/87827\/"},"modified":"2025-11-23T18:00:12","modified_gmt":"2025-11-23T18:00:12","slug":"ebba-andersson-vann-igen-frida-karlsson-langt-efter","status":"publish","type":"post","link":"https:\/\/www.europesays.com\/se\/87827\/","title":{"rendered":"Ebba Andersson vann igen \u2013 Frida Karlsson l\u00e5ngt efter"},"content":{"rendered":"<p>Ebba Andersson tog p\u00e5 s\u00f6ndagen en ny seger vid premi\u00e4rhelgen i G\u00e4llivare. Hon pressades h\u00e5rt av Jonna Sundling p\u00e5 tio kilometer fritt men vann till slut med fem sekunder.<\/p>\n<p>Frida Karlsson, som stod \u00f6ver l\u00f6rdagens lopp, var \u00f6ver en minut efter och slutade p\u00e5 tionde plats.<\/p>\n<p>\u2013 Det \u00e4r ju min klart s\u00e4msta premi\u00e4r. Men jag vet att tr\u00e4ningen har g\u00e5tt ganska bra, s\u00e5 det kan vara att jag har tr\u00e4nat ner mig lite och beh\u00f6ver tid fr\u00e5n h\u00f6jden och tid p\u00e5 sn\u00f6 f\u00f6r att kapa den d\u00e4r minuten, s\u00e4ger hon till SVT.<\/p>\n<p>Omni \u00e4r politiskt obundna och oberoende. Vi str\u00e4var efter att ge fler perspektiv p\u00e5 nyheterna. Har du fr\u00e5gor eller synpunkter kring v\u00e5r rapportering? <a href=\"https:\/\/omni.se\/ebba-andersson-vann-igen-frida-karlsson-langt-efter\/a\/mailto:redaktion@omni.se\" class=\"ArticleActions_contactLink__W2F1M\" rel=\"nofollow noopener\" target=\"_blank\">Kontakta redaktionen<\/a><\/p>\n","protected":false},"excerpt":{"rendered":"Ebba Andersson tog p\u00e5 s\u00f6ndagen en ny seger vid premi\u00e4rhelgen i G\u00e4llivare. Hon pressades h\u00e5rt av Jonna Sundling&hellip;\n","protected":false},"author":2,"featured_media":87828,"comment_status":"","ping_status":"","sticky":false,"template":"","format":"standard","meta":{"footnotes":""},"categories":[68],"tags":[9492,4687,9686,3237,34,111,110,31,33,32,30],"class_list":{"0":"post-87827","1":"post","2":"type-post","3":"status-publish","4":"format-standard","5":"has-post-thumbnail","7":"category-sport","8":"tag-ebba-andersson","9":"tag-frida-karlsson","10":"tag-jonna-sundling","11":"tag-langdskidor","12":"tag-se","13":"tag-sport","14":"tag-sports","15":"tag-svenska","16":"tag-sverige","17":"tag-sweden","18":"tag-swedish"},"share_on_mastodon":{"url":"https:\/\/pubeurope.com\/@se\/115600321641734204","error":""},"_links":{"self":[{"href":"https:\/\/www.europesays.com\/se\/wp-json\/wp\/v2\/posts\/87827","targetHints":{"allow":["GET"]}}],"collection":[{"href":"https:\/\/www.europesays.com\/se\/wp-json\/wp\/v2\/posts"}],"about":[{"href":"https:\/\/www.europesays.com\/se\/wp-json\/wp\/v2\/types\/post"}],"author":[{"embeddable":true,"href":"https:\/\/www.europesays.com\/se\/wp-json\/wp\/v2\/users\/2"}],"replies":[{"embeddable":true,"href":"https:\/\/www.europesays.com\/se\/wp-json\/wp\/v2\/comments?post=87827"}],"version-history":[{"count":0,"href":"https:\/\/www.europesays.com\/se\/wp-json\/wp\/v2\/posts\/87827\/revisions"}],"wp:featuredmedia":[{"embeddable":true,"href":"https:\/\/www.europesays.com\/se\/wp-json\/wp\/v2\/media\/87828"}],"wp:attachment":[{"href":"https:\/\/www.europesays.com\/se\/wp-json\/wp\/v2\/media?parent=87827"}],"wp:term":[{"taxonomy":"category","embeddable":true,"href":"https:\/\/www.europesays.com\/se\/wp-json\/wp\/v2\/categories?post=87827"},{"taxonomy":"post_tag","embeddable":true,"href":"https:\/\/www.europesays.com\/se\/wp-json\/wp\/v2\/tags?post=87827"}],"curies":[{"name":"wp","href":"https:\/\/api.w.org\/{rel}","templated":true}]}}