{"id":87862,"date":"2025-11-23T18:44:08","date_gmt":"2025-11-23T18:44:08","guid":{"rendered":"https:\/\/www.europesays.com\/se\/87862\/"},"modified":"2025-11-23T18:44:08","modified_gmt":"2025-11-23T18:44:08","slug":"marco-rubio-framsteg-i-forhandlingarna-i-schweiz","status":"publish","type":"post","link":"https:\/\/www.europesays.com\/se\/87862\/","title":{"rendered":"Marco Rubio: Framsteg i f\u00f6rhandlingarna i Schweiz"},"content":{"rendered":"<p>Uttalandet gjordes till reportrar p\u00e5 plats i Gen\u00e8ve, d\u00e4r amerikanska, ukrainska och europeiska f\u00f6retr\u00e4dare under s\u00f6ndagen inlett f\u00f6rhandlingar om den <a href=\"https:\/\/www.svt.se\/nyheter\/utrikes\/the-telegraph-avslojar-trumps-och-putins-28-punktsplan\" rel=\"nofollow noopener\" target=\"_blank\">28-punktsplan<\/a> f\u00f6r fred i Ukraina som USA tagit fram med hj\u00e4lp av Ryssland.<\/p>\n<p>\u2013 Vi har haft m\u00f6jlighet att g\u00e5 igenom n\u00e5gra av de punkterna nu och jag tycker att vi har gjort bra framsteg, s\u00e4ger Marco Rubio vid 18-tiden p\u00e5 s\u00f6ndagen.<\/p>\n<p>Han f\u00e5r medh\u00e5ll fr\u00e5n Andrij Jermak, stabschef i Ukrainas presidentkansli. <\/p>\n<p>\u2013 Jag vill bekr\u00e4fta att vi har haft ett v\u00e4ldigt produktivt f\u00f6rsta m\u00f6te med den amerikanska delegationen. Vi har gjort stora framsteg och r\u00f6r oss fram\u00e5t mot en r\u00e4ttvis och l\u00e5ngvarig fred.<\/p>\n<p>Tror Trump kommer signera<\/p>\n<p>Just nu bearbetas olika f\u00f6rslag p\u00e5 \u00e4ndringar i planen som framf\u00f6rts under f\u00f6rhandlingarna. <\/p>\n<p>\u2013 I hopp om att komma n\u00e4rmare n\u00e5got som b\u00e5de Ukraina och s\u00e5klart USA \u00e4r bekv\u00e4ma med. Slutligen kommer detta att beh\u00f6va signeras av v\u00e5r president, och jag \u00e4r v\u00e4ldigt positivt inst\u00e4lld till att det kommer att ske givet framstegen vi gjort, s\u00e4ger Marco Rubio.<\/p>\n<p>Han forts\u00e4tter: <\/p>\n<p>\u2013 Och s\u00e5 har vi s\u00e5klart den ryska sidan i ekvationen. <\/p>\n<p>Uppgifter om europeiskt motf\u00f6rslag<\/p>\n<p>Samtidigt kommer uppgifter om att Europa har lagt fram ett motf\u00f6rslag till USA:s plan. <\/p>\n<p>Enligt nyhetsbyr\u00e5n Reuters, som tagit del av dokumentet, inneh\u00e5ller det skrivelser som skiljer sig fr\u00e5n dem i USA:s ursprungliga plan. <\/p>\n<p>En av punkterna g\u00f6r g\u00e4llande att den ukrainska arm\u00e9n ska begr\u00e4nsas till 800\u00a0000 soldater i fredstid, inte 600\u00a0000 som det st\u00e5r i USA:s plan. <\/p>\n<p>En annan handlar om att Ukraina fr\u00e5n USA ska garanteras skydd likt det som st\u00e5r angivet i Natos artikel fem. I USA:s plan st\u00e5r det endast att \u201dUkraina ska f\u00e5 p\u00e5litliga s\u00e4kerhetsgarantier\u201d. <\/p>\n<p>Trump om Ukraina: \u201dVisar noll tacksamhet\u201d<\/p>\n<p>Det \u00e4r i nul\u00e4get oklart om och i s\u00e5 fall hur det europeiska motf\u00f6rslaget tagits upp i f\u00f6rhandlingarna i Schweiz. <\/p>\n<p>Och samtidigt som det kommer positiva tong\u00e5ngar d\u00e4rifr\u00e5n, l\u00e5ter USA:s president mer frustrerad. <\/p>\n<p>\u201dDet ukrainska &#8217;ledarskapet&#8217; har visat noll tacksamhet f\u00f6r v\u00e5ra anstr\u00e4ngningar\u201d, skriver han p\u00e5 <a href=\"https:\/\/truthsocial.com\/@realDonaldTrump\/115599428464496784\" rel=\"nofollow noopener\" target=\"_blank\">Truth Social <\/a>p\u00e5 s\u00f6ndagen.<\/p>\n<p>Ett par timmar senare tackade den ukrainske presidenten \u00e5terigen f\u00f6r USA:s anstr\u00e4ngningar. <\/p>\n<p>\u201dUkraina \u00e4r tacksam till USA, till varje amerikanskt hj\u00e4rta, och s\u00e4rskilt till president Trump f\u00f6r den hj\u00e4lp som b\u00f6rjade med Javelins (missiler) och som r\u00e4ddar ukrainares liv\u201d, skriver han p\u00e5 <a href=\"https:\/\/t.me\/V_Zelenskiy_official\/17012\" rel=\"nofollow\">Telegram<\/a>.<\/p>\n","protected":false},"excerpt":{"rendered":"Uttalandet gjordes till reportrar p\u00e5 plats i Gen\u00e8ve, d\u00e4r amerikanska, ukrainska och europeiska f\u00f6retr\u00e4dare under s\u00f6ndagen inlett f\u00f6rhandlingar&hellip;\n","protected":false},"author":2,"featured_media":87863,"comment_status":"","ping_status":"","sticky":false,"template":"","format":"standard","meta":{"footnotes":""},"categories":[14],"tags":[22,23,26,27,17,21,24,25,28,29,15,16,18,34,31,33,32,30,19,20,51,52,53,54],"class_list":{"0":"post-87862","1":"post","2":"type-post","3":"status-publish","4":"format-standard","5":"has-post-thumbnail","7":"category-varlden","8":"tag-breaking-news","9":"tag-breakingnews","10":"tag-featured-news","11":"tag-featurednews","12":"tag-headlines","13":"tag-huvudnyheter","14":"tag-latest-news","15":"tag-latestnews","16":"tag-main-news","17":"tag-mainnews","18":"tag-news","19":"tag-nyheter","20":"tag-rubriker","21":"tag-se","22":"tag-svenska","23":"tag-sverige","24":"tag-sweden","25":"tag-swedish","26":"tag-top-stories","27":"tag-topstories","28":"tag-varlden","29":"tag-world","30":"tag-world-news","31":"tag-worldnews"},"share_on_mastodon":{"url":"https:\/\/pubeurope.com\/@se\/115600494674294168","error":""},"_links":{"self":[{"href":"https:\/\/www.europesays.com\/se\/wp-json\/wp\/v2\/posts\/87862","targetHints":{"allow":["GET"]}}],"collection":[{"href":"https:\/\/www.europesays.com\/se\/wp-json\/wp\/v2\/posts"}],"about":[{"href":"https:\/\/www.europesays.com\/se\/wp-json\/wp\/v2\/types\/post"}],"author":[{"embeddable":true,"href":"https:\/\/www.europesays.com\/se\/wp-json\/wp\/v2\/users\/2"}],"replies":[{"embeddable":true,"href":"https:\/\/www.europesays.com\/se\/wp-json\/wp\/v2\/comments?post=87862"}],"version-history":[{"count":0,"href":"https:\/\/www.europesays.com\/se\/wp-json\/wp\/v2\/posts\/87862\/revisions"}],"wp:featuredmedia":[{"embeddable":true,"href":"https:\/\/www.europesays.com\/se\/wp-json\/wp\/v2\/media\/87863"}],"wp:attachment":[{"href":"https:\/\/www.europesays.com\/se\/wp-json\/wp\/v2\/media?parent=87862"}],"wp:term":[{"taxonomy":"category","embeddable":true,"href":"https:\/\/www.europesays.com\/se\/wp-json\/wp\/v2\/categories?post=87862"},{"taxonomy":"post_tag","embeddable":true,"href":"https:\/\/www.europesays.com\/se\/wp-json\/wp\/v2\/tags?post=87862"}],"curies":[{"name":"wp","href":"https:\/\/api.w.org\/{rel}","templated":true}]}}