{"id":87999,"date":"2025-11-23T23:31:18","date_gmt":"2025-11-23T23:31:18","guid":{"rendered":"https:\/\/www.europesays.com\/se\/87999\/"},"modified":"2025-11-23T23:31:18","modified_gmt":"2025-11-23T23:31:18","slug":"vart-besked-om-sd-ar-odramatiskt","status":"publish","type":"post","link":"https:\/\/www.europesays.com\/se\/87999\/","title":{"rendered":"V\u00e5rt besked om SD \u00e4r odramatiskt"},"content":{"rendered":"<p>Liberalerna och Sverigedemokraterna delar inte v\u00e4rdegemenskap. Det \u00e4r sk\u00e4let som klimat- och milj\u00f6minister Romina Pourmokhtari (L) anf\u00f6r till att partiet inte vill sl\u00e4ppa in SD i en regering.<\/p>\n<p>I en intervju i SVT:s Agenda ombes hon konkretisera, och ger tre exempel: att SD inte \u00e4r ett borgerligt parti, beteendeproblem som n\u00e4r Richard Jomshof \u201dhetsade koranbr\u00e4nnare\u201d i Natoprocessen, och att det ska finnas ett parti att r\u00f6sta p\u00e5 f\u00f6r h\u00f6gerv\u00e4ljare som inte vill se SD i regering.<\/p>\n<p>Pourmokhtari p\u00e5pekar flera g\u00e5nger att hon tycker att L:s besked i regeringsfr\u00e5gan \u00e4r odramatiskt och uppbl\u00e5st av medierna, och att Tid\u00f6samarbetet fungerar bra.<\/p>\n<p>\u2013 Ulf Kristersson \u00e4r ganska bra p\u00e5 att f\u00e5 oss att enas. Vi har varit r\u00e4tt stabila i snart fyra \u00e5r, och jag \u00e4r \u00f6vertygad om att vi kommer forts\u00e4tta vara det.<\/p>\n<p>Omni \u00e4r politiskt obundna och oberoende. Vi str\u00e4var efter att ge fler perspektiv p\u00e5 nyheterna. Har du fr\u00e5gor eller synpunkter kring v\u00e5r rapportering? <a href=\"https:\/\/omni.se\/pourmokhtari-vart-besked-om-sd-ar-odramatiskt\/a\/mailto:redaktion@omni.se\" class=\"ArticleActions_contactLink__W2F1M\" rel=\"nofollow noopener\" target=\"_blank\">Kontakta redaktionen<\/a><\/p>\n","protected":false},"excerpt":{"rendered":"Liberalerna och Sverigedemokraterna delar inte v\u00e4rdegemenskap. Det \u00e4r sk\u00e4let som klimat- och milj\u00f6minister Romina Pourmokhtari (L) anf\u00f6r till&hellip;\n","protected":false},"author":2,"featured_media":88000,"comment_status":"","ping_status":"","sticky":false,"template":"","format":"standard","meta":{"footnotes":""},"categories":[5],"tags":[22,23,26,27,17,21,24,25,639,28,29,551,15,16,369,9705,3740,18,34,31,33,617,32,30,19,20,1111],"class_list":{"0":"post-87999","1":"post","2":"type-post","3":"status-publish","4":"format-standard","5":"has-post-thumbnail","7":"category-rubriker","8":"tag-breaking-news","9":"tag-breakingnews","10":"tag-featured-news","11":"tag-featurednews","12":"tag-headlines","13":"tag-huvudnyheter","14":"tag-latest-news","15":"tag-latestnews","16":"tag-liberalerna","17":"tag-main-news","18":"tag-mainnews","19":"tag-moderaterna","20":"tag-news","21":"tag-nyheter","22":"tag-politik","23":"tag-richard-jomshof","24":"tag-romina-pourmokhtari","25":"tag-rubriker","26":"tag-se","27":"tag-svenska","28":"tag-sverige","29":"tag-sverigedemokraterna","30":"tag-sweden","31":"tag-swedish","32":"tag-top-stories","33":"tag-topstories","34":"tag-ulf-kristersson"},"share_on_mastodon":{"url":"https:\/\/pubeurope.com\/@se\/115601623189357217","error":""},"_links":{"self":[{"href":"https:\/\/www.europesays.com\/se\/wp-json\/wp\/v2\/posts\/87999","targetHints":{"allow":["GET"]}}],"collection":[{"href":"https:\/\/www.europesays.com\/se\/wp-json\/wp\/v2\/posts"}],"about":[{"href":"https:\/\/www.europesays.com\/se\/wp-json\/wp\/v2\/types\/post"}],"author":[{"embeddable":true,"href":"https:\/\/www.europesays.com\/se\/wp-json\/wp\/v2\/users\/2"}],"replies":[{"embeddable":true,"href":"https:\/\/www.europesays.com\/se\/wp-json\/wp\/v2\/comments?post=87999"}],"version-history":[{"count":0,"href":"https:\/\/www.europesays.com\/se\/wp-json\/wp\/v2\/posts\/87999\/revisions"}],"wp:featuredmedia":[{"embeddable":true,"href":"https:\/\/www.europesays.com\/se\/wp-json\/wp\/v2\/media\/88000"}],"wp:attachment":[{"href":"https:\/\/www.europesays.com\/se\/wp-json\/wp\/v2\/media?parent=87999"}],"wp:term":[{"taxonomy":"category","embeddable":true,"href":"https:\/\/www.europesays.com\/se\/wp-json\/wp\/v2\/categories?post=87999"},{"taxonomy":"post_tag","embeddable":true,"href":"https:\/\/www.europesays.com\/se\/wp-json\/wp\/v2\/tags?post=87999"}],"curies":[{"name":"wp","href":"https:\/\/api.w.org\/{rel}","templated":true}]}}