{"id":88042,"date":"2025-11-24T01:46:08","date_gmt":"2025-11-24T01:46:08","guid":{"rendered":"https:\/\/www.europesays.com\/se\/88042\/"},"modified":"2025-11-24T01:46:08","modified_gmt":"2025-11-24T01:46:08","slug":"chieftec-the-cube-premium-m-atx-pc-chassi-med-boxig-design-inspirerad-av-ljudhogtalare","status":"publish","type":"post","link":"https:\/\/www.europesays.com\/se\/88042\/","title":{"rendered":"Chieftec The Cube: Premium m-ATX PC-chassi med boxig design inspirerad av ljudh\u00f6gtalare"},"content":{"rendered":"<p class=\"bodytext\">F\u00f6r ventilation kan dubbla 120 mm-fl\u00e4ktar monteras. En 200 mm-fl\u00e4kt \u00e4r f\u00f6rinstallerad i fronten, inrymd bakom en cirkul\u00e4r ventilations\u00f6ppning t\u00e4ckt med andningsbart tyg, vilket ger datorchassit dess karakt\u00e4ristiska h\u00f6gtalarliknande utseende. Portarna sitter p\u00e5 ovansidan av frontpanelen och inkluderar dubbla USB 3.0 typ-A, USB 3.2 Gen2 typ-C, ljudutg\u00e5ng och mikrofoning\u00e5ng.&#13;<\/p>\n<p class=\"bodytext\">CPU-kylare st\u00f6ds, s\u00e5 l\u00e4nge de inte \u00e4r h\u00f6gre \u00e4n 160 mm. ATX PSU:er (MSI MAG A850GL f\u00f6r n\u00e4rvarande <a href=\"https:\/\/www.amazon.com\/A850GL-Modular-Compact-Dual-Color-Warranty\/dp\/B0CB9MSJ5N?tag=nbcnewsnet-20\" target=\"_blank\" rel=\"sponsored nofollow noopener\">$100 p\u00e5 Amazon<\/a>) st\u00f6ds ocks\u00e5. Dubbla 2,5&#8243; och dubbla 3,5&#8243; h\u00e5rddiskar kan monteras samtidigt, vilket borde r\u00e4cka f\u00f6r de flesta kunder. Den 34,1 liter stora l\u00e5dan m\u00e4ter 26,5 x 33,5 x 38,5 cm, eller 10,43 x 13,19 x 15,16 tum och v\u00e4ger 4,6 kg eller 10,14 lbs.&#13;<\/p>\n<p class=\"bodytext\">Produkten finns redan tillg\u00e4nglig f\u00f6r f\u00f6rs\u00e4ljning i EU, <a href=\"https:\/\/geizhals.de\/chieftec-the-cube-ci-03b-ci-03b-op-a3660205.html\" target=\"_blank\" rel=\"nofollow noopener\">till ett pris av cirka \u20ac70<\/a> eller ungef\u00e4r 80 dollar. Huruvida The Cube kommer att finnas tillg\u00e4nglig internationellt inom en snar framtid \u00e5terst\u00e5r att se.<\/p>\n","protected":false},"excerpt":{"rendered":"F\u00f6r ventilation kan dubbla 120 mm-fl\u00e4ktar monteras. En 200 mm-fl\u00e4kt \u00e4r f\u00f6rinstallerad i fronten, inrymd bakom en cirkul\u00e4r&hellip;\n","protected":false},"author":2,"featured_media":88043,"comment_status":"","ping_status":"","sticky":false,"template":"","format":"standard","meta":{"footnotes":""},"categories":[66],"tags":[7083,9729,9725,9726,7084,9727,9728,7085,9724,80,78,79,34,31,33,32,30,81,84,83,82],"class_list":{"0":"post-88042","1":"post","2":"type-post","3":"status-publish","4":"format-standard","5":"has-post-thumbnail","7":"category-vetenskap-och-teknik","8":"tag-barbar-dator","9":"tag-boxigt-pc-hus","10":"tag-chieftec","11":"tag-kuben","12":"tag-laptop","13":"tag-m-atx-pc-hus","14":"tag-minimalt-pc-hus","15":"tag-notebook","16":"tag-pc-hus","17":"tag-science","18":"tag-science-and-technology","19":"tag-scienceandtechnology","20":"tag-se","21":"tag-svenska","22":"tag-sverige","23":"tag-sweden","24":"tag-swedish","25":"tag-technology","26":"tag-teknik","27":"tag-vetenskap","28":"tag-vetenskapteknik"},"share_on_mastodon":{"url":"https:\/\/pubeurope.com\/@se\/115602153930429396","error":""},"_links":{"self":[{"href":"https:\/\/www.europesays.com\/se\/wp-json\/wp\/v2\/posts\/88042","targetHints":{"allow":["GET"]}}],"collection":[{"href":"https:\/\/www.europesays.com\/se\/wp-json\/wp\/v2\/posts"}],"about":[{"href":"https:\/\/www.europesays.com\/se\/wp-json\/wp\/v2\/types\/post"}],"author":[{"embeddable":true,"href":"https:\/\/www.europesays.com\/se\/wp-json\/wp\/v2\/users\/2"}],"replies":[{"embeddable":true,"href":"https:\/\/www.europesays.com\/se\/wp-json\/wp\/v2\/comments?post=88042"}],"version-history":[{"count":0,"href":"https:\/\/www.europesays.com\/se\/wp-json\/wp\/v2\/posts\/88042\/revisions"}],"wp:featuredmedia":[{"embeddable":true,"href":"https:\/\/www.europesays.com\/se\/wp-json\/wp\/v2\/media\/88043"}],"wp:attachment":[{"href":"https:\/\/www.europesays.com\/se\/wp-json\/wp\/v2\/media?parent=88042"}],"wp:term":[{"taxonomy":"category","embeddable":true,"href":"https:\/\/www.europesays.com\/se\/wp-json\/wp\/v2\/categories?post=88042"},{"taxonomy":"post_tag","embeddable":true,"href":"https:\/\/www.europesays.com\/se\/wp-json\/wp\/v2\/tags?post=88042"}],"curies":[{"name":"wp","href":"https:\/\/api.w.org\/{rel}","templated":true}]}}